{"id":20965,"date":"2025-06-03T18:14:49","date_gmt":"2025-06-04T00:14:49","guid":{"rendered":"https:\/\/zonalimitrofe-cbnr.com\/?p=20965"},"modified":"2025-06-03T18:14:49","modified_gmt":"2025-06-04T00:14:49","slug":"torreon-invitan-a-participar-en-la-rodada-conmemorativa-por-el-dia-mundial-de-la-bicicleta","status":"publish","type":"post","link":"https:\/\/zonalimitrofe-cbnr.com\/index.php\/2025\/06\/03\/torreon-invitan-a-participar-en-la-rodada-conmemorativa-por-el-dia-mundial-de-la-bicicleta\/","title":{"rendered":"#Torre\u00f3n. Invitan a participar en la rodada conmemorativa por el D\u00eda Mundial de la Bicicleta"},"content":{"rendered":"\n<p>Torre\u00f3n, Coahuila. A 03 de junio de 2025<\/p>\n\n\n\n<p>En el marco del D\u00eda Mundial de la Bicicleta que se celebra cada 3 de junio, la Direcci\u00f3n General de Vialidad y Movilidad Urbana invita a la rodada conmemorativa que se realizar\u00e1 el pr\u00f3ximo s\u00e1bado a las 18:30 horas, partiendo del Auditorio Municipal.<\/p>\n\n\n\n<p>Luis Alberto Morales Cort\u00e9s, director de la dependencia, indic\u00f3 que el objetivo adem\u00e1s de promover el uso de la bicicleta como un medio de transporte saludable y sustentable, es generar una convivencia familiar en torno a esta celebraci\u00f3n.<\/p>\n\n\n\n<p>Mencion\u00f3 que el recorrido partir\u00e1 del Auditorio Municipal hacia la calzada Col\u00f3n, hasta llegar a la avenida Morelos, para despu\u00e9s tomar la calle Leona Vicario hacia la avenida Ju\u00e1rez, y retornar por la calzada Col\u00f3n para de ah\u00ed nuevamente llegar al punto de partida.<\/p>\n\n\n\n<p>El director record\u00f3 que esta es la segunda rodada que se realiza en el a\u00f1o, la primera se llev\u00f3 a cabo en marzo con una gran respuesta, y la intenci\u00f3n dijo, es poder realizar esta actividad de manera frecuente para incentivar el uso de la bicicleta.<\/p>\n\n\n\n<p>En esta ocasi\u00f3n se espera que participen alrededor de 100 personas, y agreg\u00f3 que habr\u00e1 bicicletas disponibles para poder brindarlas a los ciudadanos que quieran participar y que no cuenten con una, para lo cual ser\u00e1 necesario un registro por lo que deber\u00e1n portar una identificaci\u00f3n oficial para tal efecto.<\/p>\n\n\n\n<p>Quienes deseen participar pueden inscribirse al n\u00famero de contacto 871 5007107, o el d\u00eda del evento con una identificaci\u00f3n oficial.<\/p>\n\n\n\n<p>\u201cHabr\u00e1 apoyo de agentes de Tr\u00e1nsito y Vialidad para resguardar la integridad de los participantes y dar fluidez a la circulaci\u00f3n.\u201d, mencion\u00f3 el director.<\/p>\n\n\n\n<p>El D\u00eda Mundial de la Bicicleta es una jornada que se celebra el 3 de junio desde el 2018, proclamado por la Asamblea General de las Naciones Unidas en ese mismo a\u00f1o. El objetivo principal es fomentar el uso de este medio de transporte para promover el desarrollo sostenible, mejorar la educaci\u00f3n f\u00edsica, la salud, prevenir enfermedades y facilitar la inclusi\u00f3n social y la cultura de paz.<\/p>\n","protected":false},"excerpt":{"rendered":"<p>Torre\u00f3n, Coahuila. A 03 de junio de 2025 En el marco del D\u00eda Mundial de la Bicicleta que se celebra cada 3 de junio, la Direcci\u00f3n General de Vialidad y Movilidad Urbana invita a la rodada conmemorativa que se realizar\u00e1 el pr\u00f3ximo s\u00e1bado a las 18:30 horas, partiendo del Auditorio Municipal. Luis Alberto Morales Cort\u00e9s, [&hellip;]<\/p>\n","protected":false},"author":1,"featured_media":20966,"comment_status":"open","ping_status":"open","sticky":false,"template":"","format":"standard","meta":{"_monsterinsights_skip_tracking":false,"_monsterinsights_sitenote_active":false,"_monsterinsights_sitenote_note":"","_monsterinsights_sitenote_category":0,"footnotes":""},"categories":[1],"tags":[],"_links":{"self":[{"href":"https:\/\/zonalimitrofe-cbnr.com\/index.php\/wp-json\/wp\/v2\/posts\/20965"}],"collection":[{"href":"https:\/\/zonalimitrofe-cbnr.com\/index.php\/wp-json\/wp\/v2\/posts"}],"about":[{"href":"https:\/\/zonalimitrofe-cbnr.com\/index.php\/wp-json\/wp\/v2\/types\/post"}],"author":[{"embeddable":true,"href":"https:\/\/zonalimitrofe-cbnr.com\/index.php\/wp-json\/wp\/v2\/users\/1"}],"replies":[{"embeddable":true,"href":"https:\/\/zonalimitrofe-cbnr.com\/index.php\/wp-json\/wp\/v2\/comments?post=20965"}],"version-history":[{"count":1,"href":"https:\/\/zonalimitrofe-cbnr.com\/index.php\/wp-json\/wp\/v2\/posts\/20965\/revisions"}],"predecessor-version":[{"id":20967,"href":"https:\/\/zonalimitrofe-cbnr.com\/index.php\/wp-json\/wp\/v2\/posts\/20965\/revisions\/20967"}],"wp:featuredmedia":[{"embeddable":true,"href":"https:\/\/zonalimitrofe-cbnr.com\/index.php\/wp-json\/wp\/v2\/media\/20966"}],"wp:attachment":[{"href":"https:\/\/zonalimitrofe-cbnr.com\/index.php\/wp-json\/wp\/v2\/media?parent=20965"}],"wp:term":[{"taxonomy":"category","embeddable":true,"href":"https:\/\/zonalimitrofe-cbnr.com\/index.php\/wp-json\/wp\/v2\/categories?post=20965"},{"taxonomy":"post_tag","embeddable":true,"href":"https:\/\/zonalimitrofe-cbnr.com\/index.php\/wp-json\/wp\/v2\/tags?post=20965"}],"curies":[{"name":"wp","href":"https:\/\/api.w.org\/{rel}","templated":true}]}}