{"id":20950,"date":"2025-06-02T17:19:44","date_gmt":"2025-06-02T23:19:44","guid":{"rendered":"https:\/\/zonalimitrofe-cbnr.com\/?p=20950"},"modified":"2025-06-02T17:19:44","modified_gmt":"2025-06-02T23:19:44","slug":"lerdo-en-mayo-se-entregaron-obras-para-beneficio-de-la-ciudadania","status":"publish","type":"post","link":"https:\/\/zonalimitrofe-cbnr.com\/index.php\/2025\/06\/02\/lerdo-en-mayo-se-entregaron-obras-para-beneficio-de-la-ciudadania\/","title":{"rendered":"#Lerdo. EN MAYO SE ENTREGARON OBRAS PARA BENEFICIO DE LA CIUDADAN\u00cdA*"},"content":{"rendered":"\n<p>Lerdo, 02 de junio de 2025.\u2013 El Gobierno Municipal de Lerdo, encabezado por el alcalde Homero Mart\u00ednez Cabrera, a trav\u00e9s de la Direcci\u00f3n de Obras P\u00fablicas, llev\u00f3 a cabo la entrega de diversas obras en beneficio de la ciudadan\u00eda, como parte del Programa Anual de Obra P\u00fablica 2025.<\/p>\n\n\n\n<p>Entre los proyectos entregados destaca la construcci\u00f3n de un domo en el Jard\u00edn de Ni\u00f1os Benito Ju\u00e1rez, ubicado en Ciudad Ju\u00e1rez. Esta obra tiene como objetivo brind\u00e1ndar a ni\u00f1as y ni\u00f1os un espacio m\u00e1s seguro y adecuado para realizar actividades al aire libre.<\/p>\n\n\n\n<p>Asimismo, se realizaron trabajos de pavimentaci\u00f3n en distintas colonias y comunidades rurales del municipio. Entre ellas se encuentran las calles Guillermo Choque Galindo y Arturo G\u00e1miz, en las colonias San Antonio y Lucio Caba\u00f1as, ubicadas al norponiente de la ciudad.<\/p>\n\n\n\n<p>Tambi\u00e9n se pavimentaron las calles Nazareno y La Vi\u00f1a, en el fraccionamiento Quintas Lerdo, as\u00ed como el acceso principal al ejido El Salitral, mejorando significativamente la conectividad y calidad de vida de los habitantes de estas zonas.<\/p>\n\n\n\n<p>Estas acciones reflejan el compromiso y esfuerzo del Gobierno Municipal de Ciudad Lerdo por mejorar la infraestructura urbana y rural, contribuyendo al bienestar de sus habitantes y al desarrollo del municipio.<\/p>\n","protected":false},"excerpt":{"rendered":"<p>Lerdo, 02 de junio de 2025.\u2013 El Gobierno Municipal de Lerdo, encabezado por el alcalde Homero Mart\u00ednez Cabrera, a trav\u00e9s de la Direcci\u00f3n de Obras P\u00fablicas, llev\u00f3 a cabo la entrega de diversas obras en beneficio de la ciudadan\u00eda, como parte del Programa Anual de Obra P\u00fablica 2025. Entre los proyectos entregados destaca la construcci\u00f3n [&hellip;]<\/p>\n","protected":false},"author":1,"featured_media":20951,"comment_status":"open","ping_status":"open","sticky":false,"template":"","format":"standard","meta":{"_monsterinsights_skip_tracking":false,"_monsterinsights_sitenote_active":false,"_monsterinsights_sitenote_note":"","_monsterinsights_sitenote_category":0,"footnotes":""},"categories":[1],"tags":[],"_links":{"self":[{"href":"https:\/\/zonalimitrofe-cbnr.com\/index.php\/wp-json\/wp\/v2\/posts\/20950"}],"collection":[{"href":"https:\/\/zonalimitrofe-cbnr.com\/index.php\/wp-json\/wp\/v2\/posts"}],"about":[{"href":"https:\/\/zonalimitrofe-cbnr.com\/index.php\/wp-json\/wp\/v2\/types\/post"}],"author":[{"embeddable":true,"href":"https:\/\/zonalimitrofe-cbnr.com\/index.php\/wp-json\/wp\/v2\/users\/1"}],"replies":[{"embeddable":true,"href":"https:\/\/zonalimitrofe-cbnr.com\/index.php\/wp-json\/wp\/v2\/comments?post=20950"}],"version-history":[{"count":1,"href":"https:\/\/zonalimitrofe-cbnr.com\/index.php\/wp-json\/wp\/v2\/posts\/20950\/revisions"}],"predecessor-version":[{"id":20952,"href":"https:\/\/zonalimitrofe-cbnr.com\/index.php\/wp-json\/wp\/v2\/posts\/20950\/revisions\/20952"}],"wp:featuredmedia":[{"embeddable":true,"href":"https:\/\/zonalimitrofe-cbnr.com\/index.php\/wp-json\/wp\/v2\/media\/20951"}],"wp:attachment":[{"href":"https:\/\/zonalimitrofe-cbnr.com\/index.php\/wp-json\/wp\/v2\/media?parent=20950"}],"wp:term":[{"taxonomy":"category","embeddable":true,"href":"https:\/\/zonalimitrofe-cbnr.com\/index.php\/wp-json\/wp\/v2\/categories?post=20950"},{"taxonomy":"post_tag","embeddable":true,"href":"https:\/\/zonalimitrofe-cbnr.com\/index.php\/wp-json\/wp\/v2\/tags?post=20950"}],"curies":[{"name":"wp","href":"https:\/\/api.w.org\/{rel}","templated":true}]}}