{"id":20944,"date":"2025-06-02T17:15:09","date_gmt":"2025-06-02T23:15:09","guid":{"rendered":"https:\/\/zonalimitrofe-cbnr.com\/?p=20944"},"modified":"2025-06-02T17:15:10","modified_gmt":"2025-06-02T23:15:10","slug":"gp-en-mesas-de-trabajo-analizaron-medidas-de-proteccion-para-mujeres-que-enfrentan-situaciones-de-violencia","status":"publish","type":"post","link":"https:\/\/zonalimitrofe-cbnr.com\/index.php\/2025\/06\/02\/gp-en-mesas-de-trabajo-analizaron-medidas-de-proteccion-para-mujeres-que-enfrentan-situaciones-de-violencia\/","title":{"rendered":"#GP. En mesas de trabajo analizaron medidas de protecci\u00f3n para mujeres que enfrentan situaciones de violencia*"},"content":{"rendered":"\n<p>El Instituto Municipal de la Mujer (IMM) de G\u00f3mez Palacio, a trav\u00e9s de la Procuradur\u00eda de la Defensa de la Mujer (PRODEM), realiz\u00f3 recientemente dos mesas de trabajo con instancias municipales, estatales, organizaciones de la sociedad civil, asociaciones y colectivas feministas, con el objetivo de revisar y mejorar el protocolo de aplicaci\u00f3n de medidas de protecci\u00f3n para mujeres que enfrentan situaciones de violencia.<\/p>\n\n\n\n<p>Hillary Bueno Flores, titular de la PRODEM, inform\u00f3 que esta iniciativa busca fortalecer la coordinaci\u00f3n interinstitucional y garantizar una atenci\u00f3n m\u00e1s eficaz y sensible para las mujeres que requieren protecci\u00f3n inmediata. Las mesas de trabajo contaron con la participaci\u00f3n de agrupaciones como el DIF Municipal, Grupo Esmeralda, Juzgado C\u00edvico Municipal, Centro de Justicia para la Mujer A.C., Cambiando Mentes, Ola Feminista, Colectivo Morras para Morras, Sociedad Civil, el Despacho Jur\u00eddico Promujer e Infancia, la Asociaci\u00f3n Civil Justicieras por Nuestras Infancias, as\u00ed como la Dra. Rosario Varela.<\/p>\n\n\n\n<p>Durante las sesiones se abordaron temas clave como la agilizaci\u00f3n de los procesos de protecci\u00f3n, la capacitaci\u00f3n del personal involucrado y la implementaci\u00f3n de mecanismos de seguimiento y evaluaci\u00f3n de las medidas otorgadas. El objetivo es establecer un protocolo m\u00e1s eficiente que brinde seguridad y respaldo a las mujeres en riesgo.<\/p>\n\n\n\n<p>Esta colaboraci\u00f3n entre el Municipio y las organizaciones civiles refleja el compromiso de G\u00f3mez Palacio con la erradicaci\u00f3n de la violencia de g\u00e9nero y la promoci\u00f3n de una cultura de respeto y equidad. Se espera que los resultados de estas mesas de trabajo contribuyan a una mejora significativa en la atenci\u00f3n y protecci\u00f3n de las mujeres en el municipio.<\/p>\n\n\n\n<p>Para m\u00e1s informaci\u00f3n o para sumarse a estas iniciativas, se invita a la ciudadan\u00eda a contactar a la PRODEM, ubicada en calle Independencia, esquina con avenida Victoria, n\u00famero 326, Zona Centro, G\u00f3mez Palacio, o comunicarse al tel\u00e9fono 871 175 1000, extensi\u00f3n 250.<\/p>\n","protected":false},"excerpt":{"rendered":"<p>El Instituto Municipal de la Mujer (IMM) de G\u00f3mez Palacio, a trav\u00e9s de la Procuradur\u00eda de la Defensa de la Mujer (PRODEM), realiz\u00f3 recientemente dos mesas de trabajo con instancias municipales, estatales, organizaciones de la sociedad civil, asociaciones y colectivas feministas, con el objetivo de revisar y mejorar el protocolo de aplicaci\u00f3n de medidas de [&hellip;]<\/p>\n","protected":false},"author":1,"featured_media":20945,"comment_status":"open","ping_status":"open","sticky":false,"template":"","format":"standard","meta":{"_monsterinsights_skip_tracking":false,"_monsterinsights_sitenote_active":false,"_monsterinsights_sitenote_note":"","_monsterinsights_sitenote_category":0,"footnotes":""},"categories":[1],"tags":[],"_links":{"self":[{"href":"https:\/\/zonalimitrofe-cbnr.com\/index.php\/wp-json\/wp\/v2\/posts\/20944"}],"collection":[{"href":"https:\/\/zonalimitrofe-cbnr.com\/index.php\/wp-json\/wp\/v2\/posts"}],"about":[{"href":"https:\/\/zonalimitrofe-cbnr.com\/index.php\/wp-json\/wp\/v2\/types\/post"}],"author":[{"embeddable":true,"href":"https:\/\/zonalimitrofe-cbnr.com\/index.php\/wp-json\/wp\/v2\/users\/1"}],"replies":[{"embeddable":true,"href":"https:\/\/zonalimitrofe-cbnr.com\/index.php\/wp-json\/wp\/v2\/comments?post=20944"}],"version-history":[{"count":1,"href":"https:\/\/zonalimitrofe-cbnr.com\/index.php\/wp-json\/wp\/v2\/posts\/20944\/revisions"}],"predecessor-version":[{"id":20946,"href":"https:\/\/zonalimitrofe-cbnr.com\/index.php\/wp-json\/wp\/v2\/posts\/20944\/revisions\/20946"}],"wp:featuredmedia":[{"embeddable":true,"href":"https:\/\/zonalimitrofe-cbnr.com\/index.php\/wp-json\/wp\/v2\/media\/20945"}],"wp:attachment":[{"href":"https:\/\/zonalimitrofe-cbnr.com\/index.php\/wp-json\/wp\/v2\/media?parent=20944"}],"wp:term":[{"taxonomy":"category","embeddable":true,"href":"https:\/\/zonalimitrofe-cbnr.com\/index.php\/wp-json\/wp\/v2\/categories?post=20944"},{"taxonomy":"post_tag","embeddable":true,"href":"https:\/\/zonalimitrofe-cbnr.com\/index.php\/wp-json\/wp\/v2\/tags?post=20944"}],"curies":[{"name":"wp","href":"https:\/\/api.w.org\/{rel}","templated":true}]}}