{"id":20935,"date":"2025-06-02T16:59:34","date_gmt":"2025-06-02T22:59:34","guid":{"rendered":"https:\/\/zonalimitrofe-cbnr.com\/?p=20935"},"modified":"2025-06-02T16:59:34","modified_gmt":"2025-06-02T22:59:34","slug":"lerdo-inician-preparativos-para-proxima-feria-del-empleo-en-lerdo","status":"publish","type":"post","link":"https:\/\/zonalimitrofe-cbnr.com\/index.php\/2025\/06\/02\/lerdo-inician-preparativos-para-proxima-feria-del-empleo-en-lerdo\/","title":{"rendered":"#Lerdo. INICIAN PREPARATIVOS PARA PR\u00d3XIMA FERIA DEL EMPLEO EN LERDO*"},"content":{"rendered":"\n<p>Lerdo, 02 de junio de 2025.\u2013 La Direcci\u00f3n de Fomento Econ\u00f3mico del municipio de Lerdo dio a conocer que esta semana comenzar\u00e1n los preparativos para la pr\u00f3xima Feria del Empleo, programada para realizarse durante la segunda quincena de junio.<\/p>\n\n\n\n<p>El objetivo de esta jornada es generar un v\u00ednculo directo entre las empresas de la regi\u00f3n y los ciudadanos en busca de una oportunidad laboral, fortaleciendo as\u00ed el desarrollo econ\u00f3mico local.<\/p>\n\n\n\n<p>Yuridia Palacios, jefa del departamento de Bolsa de Trabajo, inform\u00f3 que por indicaciones del Alcalde Homero Mart\u00ednez Cabrera se iniciar\u00e1 el acercamiento con distintas empresas para invitarlas a participar en esta feria organizada por el Gobierno Municipal.<\/p>\n\n\n\n<p>Asimismo, invit\u00f3 a la poblaci\u00f3n a estar atenta al anuncio oficial del evento, en el cual se detallar\u00e1n las empresas participantes, n\u00famero de vacantes disponibles, as\u00ed como el lugar, la fecha y la hora de la jornada.<\/p>\n\n\n\n<p>Finalmente, Yuridia Palacios exhort\u00f3 a los interesados en conseguir empleo formal a acercarse al departamento de Bolsa de Trabajo, donde podr\u00e1n consultar las vacantes activas y coordinar entrevistas laborales. La atenci\u00f3n se brinda de lunes a viernes, de 8:00 a 16:00 horas, en la calle Chihuahua n\u00famero 14, frente al Parque Victoria.<\/p>\n","protected":false},"excerpt":{"rendered":"<p>Lerdo, 02 de junio de 2025.\u2013 La Direcci\u00f3n de Fomento Econ\u00f3mico del municipio de Lerdo dio a conocer que esta semana comenzar\u00e1n los preparativos para la pr\u00f3xima Feria del Empleo, programada para realizarse durante la segunda quincena de junio. El objetivo de esta jornada es generar un v\u00ednculo directo entre las empresas de la regi\u00f3n [&hellip;]<\/p>\n","protected":false},"author":1,"featured_media":20936,"comment_status":"open","ping_status":"open","sticky":false,"template":"","format":"standard","meta":{"_monsterinsights_skip_tracking":false,"_monsterinsights_sitenote_active":false,"_monsterinsights_sitenote_note":"","_monsterinsights_sitenote_category":0,"footnotes":""},"categories":[1],"tags":[],"_links":{"self":[{"href":"https:\/\/zonalimitrofe-cbnr.com\/index.php\/wp-json\/wp\/v2\/posts\/20935"}],"collection":[{"href":"https:\/\/zonalimitrofe-cbnr.com\/index.php\/wp-json\/wp\/v2\/posts"}],"about":[{"href":"https:\/\/zonalimitrofe-cbnr.com\/index.php\/wp-json\/wp\/v2\/types\/post"}],"author":[{"embeddable":true,"href":"https:\/\/zonalimitrofe-cbnr.com\/index.php\/wp-json\/wp\/v2\/users\/1"}],"replies":[{"embeddable":true,"href":"https:\/\/zonalimitrofe-cbnr.com\/index.php\/wp-json\/wp\/v2\/comments?post=20935"}],"version-history":[{"count":1,"href":"https:\/\/zonalimitrofe-cbnr.com\/index.php\/wp-json\/wp\/v2\/posts\/20935\/revisions"}],"predecessor-version":[{"id":20937,"href":"https:\/\/zonalimitrofe-cbnr.com\/index.php\/wp-json\/wp\/v2\/posts\/20935\/revisions\/20937"}],"wp:featuredmedia":[{"embeddable":true,"href":"https:\/\/zonalimitrofe-cbnr.com\/index.php\/wp-json\/wp\/v2\/media\/20936"}],"wp:attachment":[{"href":"https:\/\/zonalimitrofe-cbnr.com\/index.php\/wp-json\/wp\/v2\/media?parent=20935"}],"wp:term":[{"taxonomy":"category","embeddable":true,"href":"https:\/\/zonalimitrofe-cbnr.com\/index.php\/wp-json\/wp\/v2\/categories?post=20935"},{"taxonomy":"post_tag","embeddable":true,"href":"https:\/\/zonalimitrofe-cbnr.com\/index.php\/wp-json\/wp\/v2\/tags?post=20935"}],"curies":[{"name":"wp","href":"https:\/\/api.w.org\/{rel}","templated":true}]}}