{"id":20919,"date":"2025-06-02T11:30:44","date_gmt":"2025-06-02T17:30:44","guid":{"rendered":"https:\/\/zonalimitrofe-cbnr.com\/?p=20919"},"modified":"2025-06-02T11:30:44","modified_gmt":"2025-06-02T17:30:44","slug":"campanasdurango-susy-torrecillas-sera-la-proxima-presidenta-municipal-de-lerdo-tendencia-ya-es-irreversible","status":"publish","type":"post","link":"https:\/\/zonalimitrofe-cbnr.com\/index.php\/2025\/06\/02\/campanasdurango-susy-torrecillas-sera-la-proxima-presidenta-municipal-de-lerdo-tendencia-ya-es-irreversible\/","title":{"rendered":"#Campa\u00f1asDurango. Susy Torrecillas ser\u00e1 la pr\u00f3xima presidenta municipal de Lerdo; tendencia ya es irreversible"},"content":{"rendered":"\n<p>De acuerdo al conteo y reporte de una buena cantidad de casillas contabilizadas<\/p>\n\n\n\n<p>Lerdo, Durango.- En base a resultados preliminares de la elecci\u00f3n municipal, en Lerdo se confirma el triunfo contundente de Susy Torrecillas, candidata de la alianza \u201cUnidad y Grandeza\u201d (PRI-PAN), quien precis\u00f3 que de acuerdo a los an\u00e1lisis internos de los partidos, la tendencia es favorable e irreversible. Incluso, las actas de escutrinio la tendencia de la victoria es tres a uno a su favor.<\/p>\n\n\n\n<p>Lo anterior lo declar\u00f3 en conferencia de prensa, para lo cual fue acompa\u00f1ada por los presidentes de los comit\u00e9s municipales del PRI y PAN, Carlos Cruz Ram\u00edrez y Roberto Favela Escobedo, respetivamente.<\/p>\n\n\n\n<p>La virtual alcaldesa por la alianza en com\u00fan por el PRI y PAN tambi\u00e9n fue acompa\u00f1ada y respaldada por los diputados federales Federico D\u00f6ring de la Ciudad de M\u00e9xico, Miguel Alonso diputado federal y ex gobernador de Zacatecas, Ver\u00f3nica Mart\u00ednez de Torre\u00f3n y Guillermo Anaya, legislador federal del PAN por el estado de Coahuila; adem\u00e1s de la legisladora local de Sinaloa, Paola G\u00e1rate, as\u00ed como del ex diputado local Ricardo L\u00f3pez Pescador y el delegado del PRI en Lerdo, Jos\u00e9 Alcantar Ch\u00e1vez<\/p>\n\n\n\n<p>Por su parte Carlos Cruz indic\u00f3 que la jornada electoral transcurri\u00f3 en un ambiente de paz y participaci\u00f3n ciudadana, reflejo de la madurez democr\u00e1tica de los lerdenses; por lo que tambi\u00e9n destac\u00f3 el compromiso de los votantes, quienes acudieron a las urnas para respaldar un proyecto que promete dar continuidad a las pol\u00edticas de seguridad, desarrollo econ\u00f3mico y fortalecimiento de los valores sociales, as\u00ed como de continuar avanzando en lo referente a lo urbano.<\/p>\n\n\n\n<p>El mensaje de la ciudadan\u00eda fue claro: Lerdo opt\u00f3 por consolidar los avances alcanzados en los \u00faltimos a\u00f1os de gobierno. Susy Torrecillas, en su primer mensaje como virtual ganadora, asegur\u00f3 que su administraci\u00f3n trabajar\u00e1 para mantener la estabilidad que hoy caracteriza al municipio, con especial \u00e9nfasis en la generaci\u00f3n de oportunidades econ\u00f3micas y la protecci\u00f3n del tejido social.<\/p>\n\n\n\n<p>Aunado a lo anterior, la futura presidenta municipal, resalt\u00f3 y agradeci\u00f3 de manera especial el respaldo de la mayor\u00eda de la sociedad civil, quienes finalmente brindaron su respaldo para lo que ser\u00e1 un gobierno incluyente y de resultados encaminados al desarrollo econ\u00f3mico y urbano de esta bella Ciudad Jard\u00edn.<\/p>\n","protected":false},"excerpt":{"rendered":"<p>De acuerdo al conteo y reporte de una buena cantidad de casillas contabilizadas Lerdo, Durango.- En base a resultados preliminares de la elecci\u00f3n municipal, en Lerdo se confirma el triunfo contundente de Susy Torrecillas, candidata de la alianza \u201cUnidad y Grandeza\u201d (PRI-PAN), quien precis\u00f3 que de acuerdo a los an\u00e1lisis internos de los partidos, la [&hellip;]<\/p>\n","protected":false},"author":1,"featured_media":20920,"comment_status":"open","ping_status":"open","sticky":false,"template":"","format":"standard","meta":{"_monsterinsights_skip_tracking":false,"_monsterinsights_sitenote_active":false,"_monsterinsights_sitenote_note":"","_monsterinsights_sitenote_category":0,"footnotes":""},"categories":[1],"tags":[],"_links":{"self":[{"href":"https:\/\/zonalimitrofe-cbnr.com\/index.php\/wp-json\/wp\/v2\/posts\/20919"}],"collection":[{"href":"https:\/\/zonalimitrofe-cbnr.com\/index.php\/wp-json\/wp\/v2\/posts"}],"about":[{"href":"https:\/\/zonalimitrofe-cbnr.com\/index.php\/wp-json\/wp\/v2\/types\/post"}],"author":[{"embeddable":true,"href":"https:\/\/zonalimitrofe-cbnr.com\/index.php\/wp-json\/wp\/v2\/users\/1"}],"replies":[{"embeddable":true,"href":"https:\/\/zonalimitrofe-cbnr.com\/index.php\/wp-json\/wp\/v2\/comments?post=20919"}],"version-history":[{"count":1,"href":"https:\/\/zonalimitrofe-cbnr.com\/index.php\/wp-json\/wp\/v2\/posts\/20919\/revisions"}],"predecessor-version":[{"id":20921,"href":"https:\/\/zonalimitrofe-cbnr.com\/index.php\/wp-json\/wp\/v2\/posts\/20919\/revisions\/20921"}],"wp:featuredmedia":[{"embeddable":true,"href":"https:\/\/zonalimitrofe-cbnr.com\/index.php\/wp-json\/wp\/v2\/media\/20920"}],"wp:attachment":[{"href":"https:\/\/zonalimitrofe-cbnr.com\/index.php\/wp-json\/wp\/v2\/media?parent=20919"}],"wp:term":[{"taxonomy":"category","embeddable":true,"href":"https:\/\/zonalimitrofe-cbnr.com\/index.php\/wp-json\/wp\/v2\/categories?post=20919"},{"taxonomy":"post_tag","embeddable":true,"href":"https:\/\/zonalimitrofe-cbnr.com\/index.php\/wp-json\/wp\/v2\/tags?post=20919"}],"curies":[{"name":"wp","href":"https:\/\/api.w.org\/{rel}","templated":true}]}}