{"id":20856,"date":"2025-05-30T19:02:48","date_gmt":"2025-05-31T01:02:48","guid":{"rendered":"https:\/\/zonalimitrofe-cbnr.com\/?p=20856"},"modified":"2025-05-30T19:02:48","modified_gmt":"2025-05-31T01:02:48","slug":"coahuila-arranca-programa-de-cirugias-de-cataratas","status":"publish","type":"post","link":"https:\/\/zonalimitrofe-cbnr.com\/index.php\/2025\/05\/30\/coahuila-arranca-programa-de-cirugias-de-cataratas\/","title":{"rendered":"#Coahuila. ARRANCA PROGRAMA DE CIRUG\u00cdAS DE CATARATAS"},"content":{"rendered":"\n<p>\u00b7 Realizan con \u00e9xito jornada de cirug\u00edas en la regi\u00f3n Centro-Desierto y pr\u00f3ximamente en el resto de las regiones<\/p>\n\n\n\n<p>Monclova, Coahuila de Zaragoza a 30 de mayo de 2025.- Con la representaci\u00f3n del gobernador Manolo Jim\u00e9nez Salinas, el secretario de salud, Eliud Aguirre V\u00e1zquez, y el alcalde de Monclova, Carlos Villarreal P\u00e9rez, presidieron la Jornada de Cirug\u00edas de Cataratas que benefici\u00f3 a 237 pacientes.<\/p>\n\n\n\n<p>En evento desarrollado en el Hospital General \u201cAmparo Pape\u201d las autoridades retiraron parches a los adultos mayores que se inscribieron en este programa que les permite mejorar notablemente su visi\u00f3n.<\/p>\n\n\n\n<p>El Secretario de Salud, Eliud Aguirre V\u00e1zquez, enfatiz\u00f3 que esta Jornada es el resultado de la alianza interinstitucional con el DIF Coahuila, MEJORA Coahuila y los diversos municipios, como en esta ocasi\u00f3n donde el Ayuntamiento de Monclova se suma.<\/p>\n\n\n\n<p>Agreg\u00f3 que el pr\u00f3ximo mes de junio se llevar\u00e1 a cabo en la regi\u00f3n Sureste y as\u00ed sucesivamente en el resto del estado.<\/p>\n\n\n\n<p>Apunt\u00f3 que el objetivo central es darles mejores condiciones de vida a las personas adultas mayores, ya que, quienes tienen problemas de vista, tienen un mayor riesgo de presentar lesiones ocasionadas por percances, ca\u00eddas, favorecer el sedentarismo, el aislamiento y en algunos casos hasta la depresi\u00f3n, entre otros problemas.<\/p>\n\n\n\n<p>Indic\u00f3 que es importante destacar que en esta primera jornada del a\u00f1o se benefici\u00f3 a un paciente de 14 a\u00f1os que fue diagn\u00f3sticado con catarata cong\u00e9nica.<\/p>\n\n\n\n<p>\u201cNos da mucho gusto poder sumarnos para mejorar su estilo de vida, a partir de este gran apoyo que le otorga el Gobernador\u201d agreg\u00f3.<\/p>\n\n\n\n<p>Estos procedimientos se realizan para tratar las cataratas, las cuales suelen causar una visi\u00f3n borrosa, dificultando que la persona pueda llevar a cabo sus actividades habituales tales como conducir, leer, ver televisi\u00f3n, subir escaleras, cocinar o ir de compras, entre otras.<\/p>\n\n\n\n<p>En el evento se cont\u00f3 con la asistencia de la Presidenta Honoraria del Sistema DIF Monclova, Mavi Sosa Rubio; del Subsecretario de Gobierno de la Regi\u00f3n Centro, Sergio Sisbeles Alvarado; de la coordinadora regional de MEJORA Coahuila, Esra Cavazos del Bosque; del coordinador regional del DIF, Diego Siller Bletr\u00e1n y el Jefe de la Jurisdicci\u00f3n Faustino Aguilar Arocha<\/p>\n","protected":false},"excerpt":{"rendered":"<p>\u00b7 Realizan con \u00e9xito jornada de cirug\u00edas en la regi\u00f3n Centro-Desierto y pr\u00f3ximamente en el resto de las regiones Monclova, Coahuila de Zaragoza a 30 de mayo de 2025.- Con la representaci\u00f3n del gobernador Manolo Jim\u00e9nez Salinas, el secretario de salud, Eliud Aguirre V\u00e1zquez, y el alcalde de Monclova, Carlos Villarreal P\u00e9rez, presidieron la Jornada [&hellip;]<\/p>\n","protected":false},"author":1,"featured_media":20857,"comment_status":"open","ping_status":"open","sticky":false,"template":"","format":"standard","meta":{"_monsterinsights_skip_tracking":false,"_monsterinsights_sitenote_active":false,"_monsterinsights_sitenote_note":"","_monsterinsights_sitenote_category":0,"footnotes":""},"categories":[1],"tags":[],"_links":{"self":[{"href":"https:\/\/zonalimitrofe-cbnr.com\/index.php\/wp-json\/wp\/v2\/posts\/20856"}],"collection":[{"href":"https:\/\/zonalimitrofe-cbnr.com\/index.php\/wp-json\/wp\/v2\/posts"}],"about":[{"href":"https:\/\/zonalimitrofe-cbnr.com\/index.php\/wp-json\/wp\/v2\/types\/post"}],"author":[{"embeddable":true,"href":"https:\/\/zonalimitrofe-cbnr.com\/index.php\/wp-json\/wp\/v2\/users\/1"}],"replies":[{"embeddable":true,"href":"https:\/\/zonalimitrofe-cbnr.com\/index.php\/wp-json\/wp\/v2\/comments?post=20856"}],"version-history":[{"count":1,"href":"https:\/\/zonalimitrofe-cbnr.com\/index.php\/wp-json\/wp\/v2\/posts\/20856\/revisions"}],"predecessor-version":[{"id":20858,"href":"https:\/\/zonalimitrofe-cbnr.com\/index.php\/wp-json\/wp\/v2\/posts\/20856\/revisions\/20858"}],"wp:featuredmedia":[{"embeddable":true,"href":"https:\/\/zonalimitrofe-cbnr.com\/index.php\/wp-json\/wp\/v2\/media\/20857"}],"wp:attachment":[{"href":"https:\/\/zonalimitrofe-cbnr.com\/index.php\/wp-json\/wp\/v2\/media?parent=20856"}],"wp:term":[{"taxonomy":"category","embeddable":true,"href":"https:\/\/zonalimitrofe-cbnr.com\/index.php\/wp-json\/wp\/v2\/categories?post=20856"},{"taxonomy":"post_tag","embeddable":true,"href":"https:\/\/zonalimitrofe-cbnr.com\/index.php\/wp-json\/wp\/v2\/tags?post=20856"}],"curies":[{"name":"wp","href":"https:\/\/api.w.org\/{rel}","templated":true}]}}