{"id":20823,"date":"2025-05-29T19:35:44","date_gmt":"2025-05-30T01:35:44","guid":{"rendered":"https:\/\/zonalimitrofe-cbnr.com\/?p=20823"},"modified":"2025-05-29T19:35:45","modified_gmt":"2025-05-30T01:35:45","slug":"gp-operadores-de-transporte-urbano-en-gomez-palacio-reafirman-su-compromiso-con-la-seguridad-ciudadana","status":"publish","type":"post","link":"https:\/\/zonalimitrofe-cbnr.com\/index.php\/2025\/05\/29\/gp-operadores-de-transporte-urbano-en-gomez-palacio-reafirman-su-compromiso-con-la-seguridad-ciudadana\/","title":{"rendered":"#GP. Operadores de transporte urbano en G\u00f3mez Palacio reafirman su compromiso con la seguridad ciudadana*"},"content":{"rendered":"\n<p>En el marco de la estrategia integral para la prevenci\u00f3n del delito y el fortalecimiento de entornos seguros, la Direcci\u00f3n de Seguridad P\u00fablica y Protecci\u00f3n Ciudadana de G\u00f3mez Palacio, a trav\u00e9s del Departamento de Prevenci\u00f3n del Delito, contin\u00faa consolidando v\u00ednculos con el sector transporte.<\/p>\n\n\n\n<p>Como parte de estas acciones, durante un recorrido de vigilancia en la colonia Urbivillas y en la terminal de autobuses de la ruta Santa Rosa, personal de la corporaci\u00f3n sostuvo un encuentro con el representante Ra\u00fal Mart\u00ednez Caldera, acompa\u00f1ado de 23 operadores agremiados. En dicha reuni\u00f3n se les inform\u00f3 sobre su integraci\u00f3n al programa de Comit\u00e9s de Seguridad Ciudadana, destacando el papel clave que desempe\u00f1an en la construcci\u00f3n de una ciudad m\u00e1s segura.<\/p>\n\n\n\n<p>Luis Alberto Duarte V\u00e1zquez, titular de la Direcci\u00f3n de Seguridad P\u00fablica, detall\u00f3 que durante la visita se hizo entrega de tr\u00edpticos informativos sobre prevenci\u00f3n del delito y calcoman\u00edas para las unidades de servicio p\u00fablico, con el objetivo de identificar y visibilizar su participaci\u00f3n activa en la red de prevenci\u00f3n comunitaria. Estas herramientas tambi\u00e9n refuerzan la confianza de la ciudadan\u00eda en el transporte urbano como un espacio vigilado y comprometido con su bienestar.<\/p>\n\n\n\n<p>Este acercamiento da seguimiento al trabajo ya iniciado con los choferes de la ruta San Antonio, donde 40 operadores se sumaron recientemente al programa, as\u00ed como a la programaci\u00f3n de futuras jornadas con Transportes Moctezuma y el Sindicato Gremial de Permisionarios de Autobuses de Servicio Urbano y Suburbano de la Regi\u00f3n Lagunera.<\/p>\n\n\n\n<p>Abraham L\u00f3pez Mata, jefe del Departamento de Prevenci\u00f3n del Delito, subray\u00f3 que estas iniciativas buscan generar conciencia y fomentar la colaboraci\u00f3n entre Seguridad P\u00fablica y operadores, quienes diariamente recorren las calles de la ciudad y est\u00e1n en contacto directo con la comunidad.<\/p>\n\n\n\n<p>\u201cLas acciones preventivas no se logran \u00fanicamente con presencia policial, sino a trav\u00e9s del compromiso conjunto de todos los sectores. El transporte p\u00fablico es uno de los aliados m\u00e1s valiosos para identificar riesgos, alertar sobre situaciones sospechosas y contribuir a un entorno m\u00e1s seguro\u201d, puntualiz\u00f3.<\/p>\n","protected":false},"excerpt":{"rendered":"<p>En el marco de la estrategia integral para la prevenci\u00f3n del delito y el fortalecimiento de entornos seguros, la Direcci\u00f3n de Seguridad P\u00fablica y Protecci\u00f3n Ciudadana de G\u00f3mez Palacio, a trav\u00e9s del Departamento de Prevenci\u00f3n del Delito, contin\u00faa consolidando v\u00ednculos con el sector transporte. Como parte de estas acciones, durante un recorrido de vigilancia en [&hellip;]<\/p>\n","protected":false},"author":1,"featured_media":20824,"comment_status":"open","ping_status":"open","sticky":false,"template":"","format":"standard","meta":{"_monsterinsights_skip_tracking":false,"_monsterinsights_sitenote_active":false,"_monsterinsights_sitenote_note":"","_monsterinsights_sitenote_category":0,"footnotes":""},"categories":[1],"tags":[],"_links":{"self":[{"href":"https:\/\/zonalimitrofe-cbnr.com\/index.php\/wp-json\/wp\/v2\/posts\/20823"}],"collection":[{"href":"https:\/\/zonalimitrofe-cbnr.com\/index.php\/wp-json\/wp\/v2\/posts"}],"about":[{"href":"https:\/\/zonalimitrofe-cbnr.com\/index.php\/wp-json\/wp\/v2\/types\/post"}],"author":[{"embeddable":true,"href":"https:\/\/zonalimitrofe-cbnr.com\/index.php\/wp-json\/wp\/v2\/users\/1"}],"replies":[{"embeddable":true,"href":"https:\/\/zonalimitrofe-cbnr.com\/index.php\/wp-json\/wp\/v2\/comments?post=20823"}],"version-history":[{"count":1,"href":"https:\/\/zonalimitrofe-cbnr.com\/index.php\/wp-json\/wp\/v2\/posts\/20823\/revisions"}],"predecessor-version":[{"id":20825,"href":"https:\/\/zonalimitrofe-cbnr.com\/index.php\/wp-json\/wp\/v2\/posts\/20823\/revisions\/20825"}],"wp:featuredmedia":[{"embeddable":true,"href":"https:\/\/zonalimitrofe-cbnr.com\/index.php\/wp-json\/wp\/v2\/media\/20824"}],"wp:attachment":[{"href":"https:\/\/zonalimitrofe-cbnr.com\/index.php\/wp-json\/wp\/v2\/media?parent=20823"}],"wp:term":[{"taxonomy":"category","embeddable":true,"href":"https:\/\/zonalimitrofe-cbnr.com\/index.php\/wp-json\/wp\/v2\/categories?post=20823"},{"taxonomy":"post_tag","embeddable":true,"href":"https:\/\/zonalimitrofe-cbnr.com\/index.php\/wp-json\/wp\/v2\/tags?post=20823"}],"curies":[{"name":"wp","href":"https:\/\/api.w.org\/{rel}","templated":true}]}}