{"id":20796,"date":"2025-05-28T19:06:57","date_gmt":"2025-05-29T01:06:57","guid":{"rendered":"https:\/\/zonalimitrofe-cbnr.com\/?p=20796"},"modified":"2025-05-28T19:06:57","modified_gmt":"2025-05-29T01:06:57","slug":"coahuila-entrega-mejora-coahuila-obra-en-la-upn-y-dan-inicio-a-campana-contra-el-dengue","status":"publish","type":"post","link":"https:\/\/zonalimitrofe-cbnr.com\/index.php\/2025\/05\/28\/coahuila-entrega-mejora-coahuila-obra-en-la-upn-y-dan-inicio-a-campana-contra-el-dengue\/","title":{"rendered":"#Coahuila. ENTREGA MEJORA COAHUILA OBRA EN LA UPN Y DAN INICIO A CAMPA\u00d1A CONTRA EL DENGUE"},"content":{"rendered":"\n<p>Torre\u00f3n, Coahuila, mi\u00e9rcoles 28 de mayo de 2025.- Con el objetivo de dignificar los espacios educativos, el Gobierno del Estado de Coahuila llev\u00f3 a cabo la entrega de diversas obras de infraestructura en la Universidad Pedag\u00f3gica Nacional, unidad Torre\u00f3n, as\u00ed como el inicio de la campa\u00f1a de prevenci\u00f3n y control del dengue en espacios educativos.<\/p>\n\n\n\n<p>En representaci\u00f3n del Gobernador Manolo Jim\u00e9nez Salinas, el coordinador de Mejora Coahuila, Gabriel Elizondo Perez, encabez\u00f3 esta entrega.<\/p>\n\n\n\n<p>\u201cHoy reafirmamos nuestro compromiso con las nuevas generaciones, no solo entregamos infraestructura moderna y funcional, tambi\u00e9n iniciamos acciones de salud para prevenir el dengue y as\u00ed brindar espacios dignos y seguras para nuestros estudiantes\u201d. declar\u00f3 Gabriel Elizondo P\u00e9rez Coorinador de Mejora Coahuila.<\/p>\n\n\n\n<p>De acuerdo a Julio Long H\u00e9rnandez, director de infraestructura F\u00edsica Educativa, detall\u00f3 que se invierten m\u00e1s de 3 millones de pesos, en la entrega de obra consiste en la demolici\u00f3n y edificaci\u00f3n del centro de c\u00f3mputo, que incluye losetas, instalaci\u00f3n el\u00e9ctrica, equipos de aire acondicionado, adem\u00e1s de la restauraci\u00f3n de equipos sanitarios con adecuaciones para personas con discapacidad y trabajos en obra exterior, as\u00ed como la renovaci\u00f3n de pisos, redes electricas, instalacion de reflectores y equipamiento.<\/p>\n\n\n\n<p>La directora de este plantel, Mar\u00eda Elena Valadez Mena, agradeci\u00f3 al Gobierno del Estado, al programa Mejora y la Secretar\u00eda de Salud por estas acciones \u201cEs un d\u00eda de gran orgullo para nuestra comunidad universitaria, recibimos espacios renovados que mejorar\u00e1n la experiencia educativa de nuestros estudiantes\u201d.<\/p>\n\n\n\n<p>Adem\u00e1s dentro de esta instituci\u00f3n se dio inicio a la campa\u00f1a de prevenci\u00f3n del dengue en las instituciones educativas, en donde se tendr\u00e1n acciones como descacharrizaci\u00f3n, limpieza general, fumigaci\u00f3n y nebulizaci\u00f3n, medidas con las cuales se buscan prevenir la propagaci\u00f3n de enfermedades transmitidas por vectores.<\/p>\n\n\n\n<p>Dana Sof\u00eda Mercado Ram\u00edrez, alumna de la instituci\u00f3n declar\u00f3, \u201cEstoy muy agradecida por la creaci\u00f3n de estos espacios, nos motiva a seguir estudiando en instalaciones m\u00e1s adecuadas, tambi\u00e9n reconozco la importancia de la campa\u00f1a contra el dengue que inicia, y permite cuidar nuestros entornos para evitar alg\u00fan tipo de enfermedad\u201d.<\/p>\n\n\n\n<p>Esto permite impulsar la mejora educativa y promover la salud, as\u00ed como el desarrollo integral de las instituciones educativas.<\/p>\n\n\n\n<p>En el evento estuvieron presentes, Ver\u00f3nica Mart\u00ednez Garc\u00eda, Diputada Federal; Eduardo Olmos Castro, Secretario de Desarrollo Regional de la Laguna; Jorge luis Cuerda Serna, primer regidor y representante del Alcalde Rom\u00e1n Alberto Cepeda; Mar\u00eda Guadalupe Rodr\u00edguez H\u00e9rnandez, Coordinadora General de Servicios Regionales y Representante del Secretario de Educaci\u00f3n; Salvador Chavarr\u00eda V\u00e1zques, Jefe de la Jurisdicci\u00f3n N\u00ba06 y Representante del Secretario de Salud; Juan Calos Ayup Guerrero, Subsecretario de SEVOT en la Laguna; Jes\u00fas Garc\u00eda Sotomayor, Subsecretario de la Administraci\u00f3n.<\/p>\n","protected":false},"excerpt":{"rendered":"<p>Torre\u00f3n, Coahuila, mi\u00e9rcoles 28 de mayo de 2025.- Con el objetivo de dignificar los espacios educativos, el Gobierno del Estado de Coahuila llev\u00f3 a cabo la entrega de diversas obras de infraestructura en la Universidad Pedag\u00f3gica Nacional, unidad Torre\u00f3n, as\u00ed como el inicio de la campa\u00f1a de prevenci\u00f3n y control del dengue en espacios educativos. [&hellip;]<\/p>\n","protected":false},"author":1,"featured_media":20797,"comment_status":"open","ping_status":"open","sticky":false,"template":"","format":"standard","meta":{"_monsterinsights_skip_tracking":false,"_monsterinsights_sitenote_active":false,"_monsterinsights_sitenote_note":"","_monsterinsights_sitenote_category":0,"footnotes":""},"categories":[1],"tags":[],"_links":{"self":[{"href":"https:\/\/zonalimitrofe-cbnr.com\/index.php\/wp-json\/wp\/v2\/posts\/20796"}],"collection":[{"href":"https:\/\/zonalimitrofe-cbnr.com\/index.php\/wp-json\/wp\/v2\/posts"}],"about":[{"href":"https:\/\/zonalimitrofe-cbnr.com\/index.php\/wp-json\/wp\/v2\/types\/post"}],"author":[{"embeddable":true,"href":"https:\/\/zonalimitrofe-cbnr.com\/index.php\/wp-json\/wp\/v2\/users\/1"}],"replies":[{"embeddable":true,"href":"https:\/\/zonalimitrofe-cbnr.com\/index.php\/wp-json\/wp\/v2\/comments?post=20796"}],"version-history":[{"count":1,"href":"https:\/\/zonalimitrofe-cbnr.com\/index.php\/wp-json\/wp\/v2\/posts\/20796\/revisions"}],"predecessor-version":[{"id":20798,"href":"https:\/\/zonalimitrofe-cbnr.com\/index.php\/wp-json\/wp\/v2\/posts\/20796\/revisions\/20798"}],"wp:featuredmedia":[{"embeddable":true,"href":"https:\/\/zonalimitrofe-cbnr.com\/index.php\/wp-json\/wp\/v2\/media\/20797"}],"wp:attachment":[{"href":"https:\/\/zonalimitrofe-cbnr.com\/index.php\/wp-json\/wp\/v2\/media?parent=20796"}],"wp:term":[{"taxonomy":"category","embeddable":true,"href":"https:\/\/zonalimitrofe-cbnr.com\/index.php\/wp-json\/wp\/v2\/categories?post=20796"},{"taxonomy":"post_tag","embeddable":true,"href":"https:\/\/zonalimitrofe-cbnr.com\/index.php\/wp-json\/wp\/v2\/tags?post=20796"}],"curies":[{"name":"wp","href":"https:\/\/api.w.org\/{rel}","templated":true}]}}