{"id":20793,"date":"2025-05-28T19:04:25","date_gmt":"2025-05-29T01:04:25","guid":{"rendered":"https:\/\/zonalimitrofe-cbnr.com\/?p=20793"},"modified":"2025-05-28T19:04:26","modified_gmt":"2025-05-29T01:04:26","slug":"congresocoahuila-conmemora-aniversario-de-san-buenaventura-y-declaracion-de-su-feria-como-patrimonio-cultural-intangible","status":"publish","type":"post","link":"https:\/\/zonalimitrofe-cbnr.com\/index.php\/2025\/05\/28\/congresocoahuila-conmemora-aniversario-de-san-buenaventura-y-declaracion-de-su-feria-como-patrimonio-cultural-intangible\/","title":{"rendered":"#CongresoCoahuila. Conmemora aniversario de San Buenaventura y declaraci\u00f3n de su feria como Patrimonio Cultural Intangible"},"content":{"rendered":"\n<p>San Buenaventura, Coahuila, a 28 de mayo de 2025.- Las Diputadas y los Diputados de la Sexag\u00e9sima Tercera Legislatura llevaron a cabo en San Buenaventura una Sesi\u00f3n Solemne, bajo la modalidad del Congreso Itinerante, con motivo del 277 aniversario de la fundaci\u00f3n del municipio y la declaraci\u00f3n de su feria como Patrimonio Cultural Intangible del Estado de Coahuila.<\/p>\n\n\n\n<p>Presidieron la Sesi\u00f3n Solemne, la Diputada Luz Elena Morales N\u00fa\u00f1ez, Presidenta de la Junta de Gobierno del Congreso; el Magistrado Miguel Felipe Mery Ayup, Presidente del Tribunal Superior de Justicia del Estado; la Licenciada Cristina Amezcua Gonz\u00e1lez, Secretaria de Turismo y Desarrollo de Pueblos M\u00e1gicos del Estado, representante del Gobernador del Estado, Ingeniero Manolo Jim\u00e9nez Salinas; el alcalde de la ciudad, Hugo Iv\u00e1n Lozano S\u00e1nchez; as\u00ed como la Diputada Delia Aurora Hern\u00e1ndez Alvarado, Presidenta de la Mesa Directiva, quien tuvo a su cargo la conducci\u00f3n de los trabajos de este acto solemne, as\u00ed como la diputada Edith Hern\u00e1ndez Sillas, promovente de la propuesta.<\/p>\n\n\n\n<p>En el marco de esta sesi\u00f3n, intervino la Diputada Luz Elena Morales a nombre de las Diputadas y los Diputados de la Legislatura, quien se\u00f1al\u00f3: \u201dHoy, el Congreso del Estado refrenda una vez m\u00e1s el compromiso que establecimos al inicio de esta Legislatura: Regresar siempre a cada uno de nuestros distritos y trabajar sumando esfuerzos y voluntades de manera cercana con nuestras amigas y amigos ciudadanos y sus autoridades municipales, consolidando la identidad, el patrimonio hist\u00f3rico y la riqueza cultural de cada una de las regiones de nuestro estado. San Buenaventura no es pasado, es presente que se honra y futuro que se construye\u201d.<\/p>\n\n\n\n<p>Luego de rendirse los Honores a la Bandera Nacional y de que se entonaron los Himnos Nacional y Coahuilense, intervino la Diputada Edith Hern\u00e1ndez Sillas, para dar lectura al dictamen aprobado por el Congreso del Estado en el declara a \u201cLas Tradicionales Ferias del 14 de Julio de San Buenaventura\u201d, como Patrimonio Cultural Intangible del Estado de Coahuila de Zaragoza.<\/p>\n\n\n\n<p>Asimismo, el Alcalde de San Buenaventura, Hugo Iv\u00e1n Lozano dio un mensaje destacando el honor de participar en esta Sesi\u00f3n Solemne, lo que representa un reconocimiento a la rica historia y cultura del municipio, adem\u00e1s, un paso importante para seguir preservando y promoviendo su patrimonio a las siguientes generaciones.<\/p>\n\n\n\n<p>A continuaci\u00f3n, intervino la Secretaria de Turismo Amezcua Gonz\u00e1lez, quien dijo le honra acudir a este acto solemne con la representaci\u00f3n del Gobernador Jim\u00e9nez Salinas, para ser testigo y part\u00edcipe de este homenaje a la memoria colectiva de San Buenaventura, a su gente, a sus tradiciones, y a perseverar en lo que da identidad como coahuilenses.<\/p>\n\n\n\n<p>Por su parte, el Magistrado Mery Ayup agradeci\u00f3 la invitaci\u00f3n para que el Poder Judicial participara en este acto para celebrar la historia de esfuerzos y los baluartes de los hombres y mujeres de esta tierra.<\/p>\n\n\n\n<p>Finalmente, la Presidenta de la Junta de Gobierno hizo entrega al alcalde Lozano S\u00e1nchez, del documento que reconoce oficialmente a la Feria Tradicional de San Buenaventura, como un orgullo estatal y parte del Patrimonio Cultural.<\/p>\n","protected":false},"excerpt":{"rendered":"<p>San Buenaventura, Coahuila, a 28 de mayo de 2025.- Las Diputadas y los Diputados de la Sexag\u00e9sima Tercera Legislatura llevaron a cabo en San Buenaventura una Sesi\u00f3n Solemne, bajo la modalidad del Congreso Itinerante, con motivo del 277 aniversario de la fundaci\u00f3n del municipio y la declaraci\u00f3n de su feria como Patrimonio Cultural Intangible del [&hellip;]<\/p>\n","protected":false},"author":1,"featured_media":20794,"comment_status":"open","ping_status":"open","sticky":false,"template":"","format":"standard","meta":{"_monsterinsights_skip_tracking":false,"_monsterinsights_sitenote_active":false,"_monsterinsights_sitenote_note":"","_monsterinsights_sitenote_category":0,"footnotes":""},"categories":[1],"tags":[],"_links":{"self":[{"href":"https:\/\/zonalimitrofe-cbnr.com\/index.php\/wp-json\/wp\/v2\/posts\/20793"}],"collection":[{"href":"https:\/\/zonalimitrofe-cbnr.com\/index.php\/wp-json\/wp\/v2\/posts"}],"about":[{"href":"https:\/\/zonalimitrofe-cbnr.com\/index.php\/wp-json\/wp\/v2\/types\/post"}],"author":[{"embeddable":true,"href":"https:\/\/zonalimitrofe-cbnr.com\/index.php\/wp-json\/wp\/v2\/users\/1"}],"replies":[{"embeddable":true,"href":"https:\/\/zonalimitrofe-cbnr.com\/index.php\/wp-json\/wp\/v2\/comments?post=20793"}],"version-history":[{"count":1,"href":"https:\/\/zonalimitrofe-cbnr.com\/index.php\/wp-json\/wp\/v2\/posts\/20793\/revisions"}],"predecessor-version":[{"id":20795,"href":"https:\/\/zonalimitrofe-cbnr.com\/index.php\/wp-json\/wp\/v2\/posts\/20793\/revisions\/20795"}],"wp:featuredmedia":[{"embeddable":true,"href":"https:\/\/zonalimitrofe-cbnr.com\/index.php\/wp-json\/wp\/v2\/media\/20794"}],"wp:attachment":[{"href":"https:\/\/zonalimitrofe-cbnr.com\/index.php\/wp-json\/wp\/v2\/media?parent=20793"}],"wp:term":[{"taxonomy":"category","embeddable":true,"href":"https:\/\/zonalimitrofe-cbnr.com\/index.php\/wp-json\/wp\/v2\/categories?post=20793"},{"taxonomy":"post_tag","embeddable":true,"href":"https:\/\/zonalimitrofe-cbnr.com\/index.php\/wp-json\/wp\/v2\/tags?post=20793"}],"curies":[{"name":"wp","href":"https:\/\/api.w.org\/{rel}","templated":true}]}}