{"id":20781,"date":"2025-05-28T18:50:37","date_gmt":"2025-05-29T00:50:37","guid":{"rendered":"https:\/\/zonalimitrofe-cbnr.com\/?p=20781"},"modified":"2025-05-28T18:50:38","modified_gmt":"2025-05-29T00:50:38","slug":"durango-uniformes-y-utiles-gratuitos-padres-de-familia-reconocen-al-gobernador-por-cumplir-su-palabra","status":"publish","type":"post","link":"https:\/\/zonalimitrofe-cbnr.com\/index.php\/2025\/05\/28\/durango-uniformes-y-utiles-gratuitos-padres-de-familia-reconocen-al-gobernador-por-cumplir-su-palabra\/","title":{"rendered":"#Durango. Uniformes y \u00fatiles gratuitos: padres de familia reconocen al gobernador por cumplir su palabra*"},"content":{"rendered":"\n<ul>\n<li><em>Apoyan la econom\u00eda familiar y garantizan igualdad en el acceso a la educaci\u00f3n.<\/em><\/li>\n\n\n\n<li><em>Garantiza igualdad y ahorros a miles de familias duranguenses: Guillermo Adame Calder\u00f3n.<\/em><\/li>\n<\/ul>\n\n\n\n<p>Luego de que el Congreso del Estado aprobara por unanimidad la propuesta del gobernador Esteban Villegas para elevar a rango constitucional la entrega gratuita de uniformes y \u00fatiles escolares, la Asociaci\u00f3n Estatal de Padres de Familia y el secretario de Educaci\u00f3n, Guillermo Adame Calder\u00f3n, reconocieron esta medida como un gran avance para la econom\u00eda del hogar y la equidad educativa en Durango.<\/p>\n\n\n\n<p>Guillermo Adame celebr\u00f3 esta reforma como \u201cuna excelente noticia para los padres de familia, que ahora cuentan con una pol\u00edtica p\u00fablica que garantiza igualdad, equidad y ahorro econ\u00f3mico\u201d. Destac\u00f3 que este programa, ahora con rango constitucional, es uno de los mejor valorados por la ciudadan\u00eda y representa una garant\u00eda duradera m\u00e1s all\u00e1 de cualquier cambio pol\u00edtico.<\/p>\n\n\n\n<p>El titular de la SEED reconoci\u00f3 al gobernador por transformar un programa social en un derecho constitucional que trascender\u00e1 administraciones y coyunturas pol\u00edticas. \u201cPas\u00f3 de ser una pol\u00edtica sexenal a una garant\u00eda permanente para las familias\u201d, afirm\u00f3. Tambi\u00e9n resalt\u00f3 la unanimidad en el Congreso como un acto de altura pol\u00edtica: \u201cCuando se trata del bienestar de ni\u00f1as, ni\u00f1os y j\u00f3venes, todos los partidos supieron anteponer el inter\u00e9s com\u00fan. Eso merece reconocimiento\u201d.<\/p>\n\n\n\n<p>Por su parte, Carlos Ram\u00edrez Espinosa, presidente de la Asociaci\u00f3n Estatal de Padres de Familia, se\u00f1al\u00f3 que este apoyo no solo alivia el gasto familiar, sino que brinda igualdad de condiciones para todos los estudiantes. \u201cEl gobernador hizo este compromiso en campa\u00f1a y hoy lo cumpli\u00f3. Nos ayuda a no gastar tanto, pero tambi\u00e9n a que nuestros hijos se concentren en lo importante: aprender\u201d, expres\u00f3.<\/p>\n\n\n\n<p>Ram\u00edrez Espinosa subray\u00f3 que el uniforme no es solo una prenda de vestir, sino una herramienta que fortalece la confianza y el sentido de pertenencia de los estudiantes. \u201cCuando todos traen el mismo uniforme, se sienten parte del grupo. Eso les da seguridad y los motiva a seguir en la escuela\u201d, afirm\u00f3.<\/p>\n\n\n\n<p>Con esta reforma, se garantiza que en cada ciclo escolar las y los estudiantes de preescolar, primaria y secundaria en escuelas p\u00fablicas reciban, sin costo alguno, un uniforme escolar, uno deportivo y un paquete de \u00fatiles escolares, fortaleciendo as\u00ed la educaci\u00f3n y el bienestar de miles de ni\u00f1as, ni\u00f1os y adolescentes en Durango.<\/p>\n","protected":false},"excerpt":{"rendered":"<p>Luego de que el Congreso del Estado aprobara por unanimidad la propuesta del gobernador Esteban Villegas para elevar a rango constitucional la entrega gratuita de uniformes y \u00fatiles escolares, la Asociaci\u00f3n Estatal de Padres de Familia y el secretario de Educaci\u00f3n, Guillermo Adame Calder\u00f3n, reconocieron esta medida como un gran avance para la econom\u00eda del [&hellip;]<\/p>\n","protected":false},"author":1,"featured_media":20782,"comment_status":"open","ping_status":"open","sticky":false,"template":"","format":"standard","meta":{"_monsterinsights_skip_tracking":false,"_monsterinsights_sitenote_active":false,"_monsterinsights_sitenote_note":"","_monsterinsights_sitenote_category":0,"footnotes":""},"categories":[1],"tags":[],"_links":{"self":[{"href":"https:\/\/zonalimitrofe-cbnr.com\/index.php\/wp-json\/wp\/v2\/posts\/20781"}],"collection":[{"href":"https:\/\/zonalimitrofe-cbnr.com\/index.php\/wp-json\/wp\/v2\/posts"}],"about":[{"href":"https:\/\/zonalimitrofe-cbnr.com\/index.php\/wp-json\/wp\/v2\/types\/post"}],"author":[{"embeddable":true,"href":"https:\/\/zonalimitrofe-cbnr.com\/index.php\/wp-json\/wp\/v2\/users\/1"}],"replies":[{"embeddable":true,"href":"https:\/\/zonalimitrofe-cbnr.com\/index.php\/wp-json\/wp\/v2\/comments?post=20781"}],"version-history":[{"count":1,"href":"https:\/\/zonalimitrofe-cbnr.com\/index.php\/wp-json\/wp\/v2\/posts\/20781\/revisions"}],"predecessor-version":[{"id":20783,"href":"https:\/\/zonalimitrofe-cbnr.com\/index.php\/wp-json\/wp\/v2\/posts\/20781\/revisions\/20783"}],"wp:featuredmedia":[{"embeddable":true,"href":"https:\/\/zonalimitrofe-cbnr.com\/index.php\/wp-json\/wp\/v2\/media\/20782"}],"wp:attachment":[{"href":"https:\/\/zonalimitrofe-cbnr.com\/index.php\/wp-json\/wp\/v2\/media?parent=20781"}],"wp:term":[{"taxonomy":"category","embeddable":true,"href":"https:\/\/zonalimitrofe-cbnr.com\/index.php\/wp-json\/wp\/v2\/categories?post=20781"},{"taxonomy":"post_tag","embeddable":true,"href":"https:\/\/zonalimitrofe-cbnr.com\/index.php\/wp-json\/wp\/v2\/tags?post=20781"}],"curies":[{"name":"wp","href":"https:\/\/api.w.org\/{rel}","templated":true}]}}