{"id":20778,"date":"2025-05-28T18:48:47","date_gmt":"2025-05-29T00:48:47","guid":{"rendered":"https:\/\/zonalimitrofe-cbnr.com\/?p=20778"},"modified":"2025-05-28T18:48:47","modified_gmt":"2025-05-29T00:48:47","slug":"torreon-realizaran-en-torreon-la-primera-edicion-del-emprende-fest-2025","status":"publish","type":"post","link":"https:\/\/zonalimitrofe-cbnr.com\/index.php\/2025\/05\/28\/torreon-realizaran-en-torreon-la-primera-edicion-del-emprende-fest-2025\/","title":{"rendered":"#Torre\u00f3n. Realizar\u00e1n en Torre\u00f3n la primera edici\u00f3n del Emprende Fest 2025"},"content":{"rendered":"\n<p>Torre\u00f3n, Coahuila. A 28 de mayo de 2025<\/p>\n\n\n\n<p>La Administraci\u00f3n Municipal anunci\u00f3 este mi\u00e9rcoles el festival Emprende Fest 2025 que se llevar\u00e1 a cabo el 11 y 12 de octubre en el Centro de Convenciones de Torre\u00f3n, con la participaci\u00f3n de m\u00e1s de 150 expositores.<\/p>\n\n\n\n<p>El festival est\u00e1 dise\u00f1ado para fortalecer la econom\u00eda local, posicionar marcas laguneras y fomentar el crecimiento de emprendedores, micro y peque\u00f1os empresarios.<\/p>\n\n\n\n<p>El director del Instituto Municipal de Emprendimiento de Torre\u00f3n (IMET), Eduardo Carmona, dijo que la primera edici\u00f3n contar\u00e1 con la participaci\u00f3n de m\u00e1s de 150 expositores que presentar\u00e1n una amplia variedad de productos y servicios locales como alimentos, productos de salud, belleza, ecolog\u00eda, entre otros.<\/p>\n\n\n\n<p>\u201cEste evento marca un parteaguas para los emprendedores de La Laguna, es algo que no se hab\u00eda realizado en la regi\u00f3n, y viene a potencializarlos. Fue un acierto del alcalde Rom\u00e1n Alberto Cepeda Gonz\u00e1lez crear una Direcci\u00f3n de Emprendimiento, con la visi\u00f3n que tiene como empresario y edil, conoce perfectamente al emprendedor y la forma en que como Municipio podemos apoyarlos\u201d.<\/p>\n\n\n\n<p>Adem\u00e1s, resalt\u00f3 que en el marco del 118 aniversario de la ciudad y como parte del evento, se reconocer\u00e1 a emprendedores destacados que han dejado huella en la historia de Torre\u00f3n, con marcas hechas en el municipio que forman parte de la identidad lagunera.<\/p>\n\n\n\n<p>\u201cBuscamos apoyar a los emprendedores que hacen algo por Torre\u00f3n, su comunidad y pa\u00eds, para que brillen, se hagan fuertes y profesionales en su \u00e1mbito. Queremos celebrar a la ciudad reconociendo a esas marcas laguneras que han perdurado, que ya son parte de nuestra identidad\u201d.<\/p>\n\n\n\n<p>Adem\u00e1s de la exposici\u00f3n comercial, el festival ofrecer\u00e1 una serie de talleres, paneles y conferencias sobre temas actuales y en tendencia como redes sociales, inteligencia artificial, registro de marca, c\u00f3digos de barras, tablas nutricionales, entre otros.<\/p>\n\n\n\n<p>Miguel de la Torre, director de Innovaci\u00f3n y Emprendimiento del IMET, anunci\u00f3 que se busca brindar a los asistentes una experiencia formativa e integral que los prepare para enfrentar los retos del mercado actual.<\/p>\n\n\n\n<p>Adem\u00e1s, el evento tambi\u00e9n contar\u00e1 con un enfoque recreativo y familiar, como lo mencion\u00f3 Adisd\u00e9 Salazar, directora general de SENSES EXPERIENCES.<\/p>\n\n\n\n<p>\u201cSer\u00e1 un evento para toda la familia, con juegos mec\u00e1nicos, food trucks, exposici\u00f3n de arte, estancia infantil y un escenario con m\u00fasica en vivo donde se reconocer\u00e1 a m\u00fasicos y artistas locales\u201d.<\/p>\n\n\n\n<p>Asimismo, Rodrigo Gonz\u00e1lez, director del Centro de Convenciones de Torre\u00f3n, invit\u00f3 a toda la ciudadan\u00eda a ser parte de este proyecto.<\/p>\n\n\n\n<p>\u201cNos entusiasma ser sede de un evento tan importante para los emprendedores. Vamos a brindar el espacio y las herramientas necesarias para que los participantes puedan crecer y fortalecerse\u201d.<\/p>\n\n\n\n<p>Cabe destacar que los expositores participar\u00e1n tambi\u00e9n en c\u00e1psulas de emprendimiento del IMET, donde compartir\u00e1n en vivo sus productos, trayectoria y experiencias a trav\u00e9s de redes sociales.<\/p>\n\n\n\n<p>Con esta iniciativa, el municipio de Torre\u00f3n reafirma su compromiso con el desarrollo econ\u00f3mico regional y la construcci\u00f3n de un espacio que impulse el talento local.<\/p>\n\n\n\n<p>Para m\u00e1s informaci\u00f3n del registro, los interesados pueden entrar a la p\u00e1gina web: yaemprende.com.mx, o al WhatsApp 871 2344849, donde ser\u00e1n atendidos por el bot virtual \u201cRub\u00e9n\u201d.<\/p>\n","protected":false},"excerpt":{"rendered":"<p>Torre\u00f3n, Coahuila. A 28 de mayo de 2025 La Administraci\u00f3n Municipal anunci\u00f3 este mi\u00e9rcoles el festival Emprende Fest 2025 que se llevar\u00e1 a cabo el 11 y 12 de octubre en el Centro de Convenciones de Torre\u00f3n, con la participaci\u00f3n de m\u00e1s de 150 expositores. El festival est\u00e1 dise\u00f1ado para fortalecer la econom\u00eda local, posicionar [&hellip;]<\/p>\n","protected":false},"author":1,"featured_media":20779,"comment_status":"open","ping_status":"open","sticky":false,"template":"","format":"standard","meta":{"_monsterinsights_skip_tracking":false,"_monsterinsights_sitenote_active":false,"_monsterinsights_sitenote_note":"","_monsterinsights_sitenote_category":0,"footnotes":""},"categories":[1],"tags":[],"_links":{"self":[{"href":"https:\/\/zonalimitrofe-cbnr.com\/index.php\/wp-json\/wp\/v2\/posts\/20778"}],"collection":[{"href":"https:\/\/zonalimitrofe-cbnr.com\/index.php\/wp-json\/wp\/v2\/posts"}],"about":[{"href":"https:\/\/zonalimitrofe-cbnr.com\/index.php\/wp-json\/wp\/v2\/types\/post"}],"author":[{"embeddable":true,"href":"https:\/\/zonalimitrofe-cbnr.com\/index.php\/wp-json\/wp\/v2\/users\/1"}],"replies":[{"embeddable":true,"href":"https:\/\/zonalimitrofe-cbnr.com\/index.php\/wp-json\/wp\/v2\/comments?post=20778"}],"version-history":[{"count":1,"href":"https:\/\/zonalimitrofe-cbnr.com\/index.php\/wp-json\/wp\/v2\/posts\/20778\/revisions"}],"predecessor-version":[{"id":20780,"href":"https:\/\/zonalimitrofe-cbnr.com\/index.php\/wp-json\/wp\/v2\/posts\/20778\/revisions\/20780"}],"wp:featuredmedia":[{"embeddable":true,"href":"https:\/\/zonalimitrofe-cbnr.com\/index.php\/wp-json\/wp\/v2\/media\/20779"}],"wp:attachment":[{"href":"https:\/\/zonalimitrofe-cbnr.com\/index.php\/wp-json\/wp\/v2\/media?parent=20778"}],"wp:term":[{"taxonomy":"category","embeddable":true,"href":"https:\/\/zonalimitrofe-cbnr.com\/index.php\/wp-json\/wp\/v2\/categories?post=20778"},{"taxonomy":"post_tag","embeddable":true,"href":"https:\/\/zonalimitrofe-cbnr.com\/index.php\/wp-json\/wp\/v2\/tags?post=20778"}],"curies":[{"name":"wp","href":"https:\/\/api.w.org\/{rel}","templated":true}]}}