{"id":20766,"date":"2025-05-28T18:28:31","date_gmt":"2025-05-29T00:28:31","guid":{"rendered":"https:\/\/zonalimitrofe-cbnr.com\/?p=20766"},"modified":"2025-05-28T18:28:31","modified_gmt":"2025-05-29T00:28:31","slug":"gp-sigue-adelante-el-viii-encuentro-regional-de-teatro-en-gomez-palacio","status":"publish","type":"post","link":"https:\/\/zonalimitrofe-cbnr.com\/index.php\/2025\/05\/28\/gp-sigue-adelante-el-viii-encuentro-regional-de-teatro-en-gomez-palacio\/","title":{"rendered":"#GP. Sigue adelante el VIII Encuentro Regional de Teatro en G\u00f3mez Palacio*"},"content":{"rendered":"\n<p>Desde la obra Lluvia de Estrellas, de la compa\u00f1\u00eda Arte 4, hasta Alad\u00edn, el Musical, del grupo de teatro del Colegio Isabela Cat\u00f3lica, contin\u00faan las actividades de la segunda semana del VIII Encuentro Regional de Teatro, que se lleva a cabo en el Teatro Alberto M. Alvarado del 19 al 31 de mayo.<\/p>\n\n\n\n<p>Melissa Reuter P\u00e9rez, directora de Arte y Cultura, destac\u00f3 que, tras una exitosa primera semana, en la que se registr\u00f3 una excelente afluencia de p\u00fablico para disfrutar de las puestas en escena de grupos de teatro y compa\u00f1\u00edas de la regi\u00f3n, las actividades de la segunda semana han despertado a\u00fan m\u00e1s el inter\u00e9s de los gomezpalatinos.<\/p>\n\n\n\n<p>Detall\u00f3 que el lunes 26 de mayo, a las 19:00 horas, se presentar\u00e1 la obra de teatro musical Lluvia de Estrellas, puesta en escena de la compa\u00f1\u00eda Arte 4, dirigida por Juan Domm. El martes 27, a las 18:00 horas, el Centro de Estudios Lerdo Contempor\u00e1neo presentar\u00e1 Alad\u00edn, bajo la direcci\u00f3n de Markkos Dom\u00ednguez y Eduardo Rivera. El mi\u00e9rcoles 28 habr\u00e1 doble funci\u00f3n: a las 18:00 horas, la compa\u00f1\u00eda H\u00e9roes en Escena presentar\u00e1 Mi Mejor Amigo, escrita y dirigida por Benjam\u00edn G\u00f3mez, y a las 20:00 horas, la compa\u00f1\u00eda Compa\u00f1eros llevar\u00e1 al escenario El Forastero Espacial, tambi\u00e9n de Benjam\u00edn G\u00f3mez.<\/p>\n\n\n\n<p>La cartelera continuar\u00e1 el jueves 29 con otra doble funci\u00f3n: a las 18:00 horas se presentar\u00e1 Barros y Espinillas, seguida a las 20:00 horas de Martina y los Hombres P\u00e1jaro, ambas dirigidas por Tere Simental, del Instituto Domus. El evento cerrar\u00e1 el s\u00e1bado 31 con funciones a las 17:00 y a las 20:15 horas, iniciando con Alad\u00edn, el Musical de Disney, dirigida por Raquel Mart\u00ednez y Nereida Contreras, del Colegio Isabela Cat\u00f3lica, para concluir con la compa\u00f1\u00eda Scences y la obra En Esta Obra Nadie Llora, de Mariana Althaus, dirigida por Omar Garc\u00eda Cicero.<\/p>\n\n\n\n<p>Reuter P\u00e9rez reiter\u00f3 la invitaci\u00f3n a la ciudadan\u00eda para que aproveche esta amplia cartelera y acuda a disfrutar de las obras teatrales que ofrece el VIII Encuentro Regional de Teatro. Se\u00f1al\u00f3 que el acceso es a precios muy accesibles, y que las personas interesadas pueden obtener m\u00e1s informaci\u00f3n en la p\u00e1gina oficial de Facebook de la Direcci\u00f3n de Arte y Cultura, o directamente en sus oficinas ubicadas en el Centro de Convenciones Francisco Zarco.<\/p>\n","protected":false},"excerpt":{"rendered":"<p>Desde la obra Lluvia de Estrellas, de la compa\u00f1\u00eda Arte 4, hasta Alad\u00edn, el Musical, del grupo de teatro del Colegio Isabela Cat\u00f3lica, contin\u00faan las actividades de la segunda semana del VIII Encuentro Regional de Teatro, que se lleva a cabo en el Teatro Alberto M. Alvarado del 19 al 31 de mayo. Melissa Reuter [&hellip;]<\/p>\n","protected":false},"author":1,"featured_media":20767,"comment_status":"open","ping_status":"open","sticky":false,"template":"","format":"standard","meta":{"_monsterinsights_skip_tracking":false,"_monsterinsights_sitenote_active":false,"_monsterinsights_sitenote_note":"","_monsterinsights_sitenote_category":0,"footnotes":""},"categories":[1],"tags":[],"_links":{"self":[{"href":"https:\/\/zonalimitrofe-cbnr.com\/index.php\/wp-json\/wp\/v2\/posts\/20766"}],"collection":[{"href":"https:\/\/zonalimitrofe-cbnr.com\/index.php\/wp-json\/wp\/v2\/posts"}],"about":[{"href":"https:\/\/zonalimitrofe-cbnr.com\/index.php\/wp-json\/wp\/v2\/types\/post"}],"author":[{"embeddable":true,"href":"https:\/\/zonalimitrofe-cbnr.com\/index.php\/wp-json\/wp\/v2\/users\/1"}],"replies":[{"embeddable":true,"href":"https:\/\/zonalimitrofe-cbnr.com\/index.php\/wp-json\/wp\/v2\/comments?post=20766"}],"version-history":[{"count":1,"href":"https:\/\/zonalimitrofe-cbnr.com\/index.php\/wp-json\/wp\/v2\/posts\/20766\/revisions"}],"predecessor-version":[{"id":20768,"href":"https:\/\/zonalimitrofe-cbnr.com\/index.php\/wp-json\/wp\/v2\/posts\/20766\/revisions\/20768"}],"wp:featuredmedia":[{"embeddable":true,"href":"https:\/\/zonalimitrofe-cbnr.com\/index.php\/wp-json\/wp\/v2\/media\/20767"}],"wp:attachment":[{"href":"https:\/\/zonalimitrofe-cbnr.com\/index.php\/wp-json\/wp\/v2\/media?parent=20766"}],"wp:term":[{"taxonomy":"category","embeddable":true,"href":"https:\/\/zonalimitrofe-cbnr.com\/index.php\/wp-json\/wp\/v2\/categories?post=20766"},{"taxonomy":"post_tag","embeddable":true,"href":"https:\/\/zonalimitrofe-cbnr.com\/index.php\/wp-json\/wp\/v2\/tags?post=20766"}],"curies":[{"name":"wp","href":"https:\/\/api.w.org\/{rel}","templated":true}]}}