{"id":20741,"date":"2025-05-27T14:39:35","date_gmt":"2025-05-27T20:39:35","guid":{"rendered":"https:\/\/zonalimitrofe-cbnr.com\/?p=20741"},"modified":"2025-05-27T14:39:36","modified_gmt":"2025-05-27T20:39:36","slug":"lerdo-llaman-a-extremar-precauciones-por-radiacion-uv-alta-en-lerdo","status":"publish","type":"post","link":"https:\/\/zonalimitrofe-cbnr.com\/index.php\/2025\/05\/27\/lerdo-llaman-a-extremar-precauciones-por-radiacion-uv-alta-en-lerdo\/","title":{"rendered":"#Lerdo. Llaman a Extremar Precauciones por Radiaci\u00f3n UV Alta en Lerdo"},"content":{"rendered":"\n<p>La Coordinaci\u00f3n de Protecci\u00f3n Civil y Bomberos de Lerdo emiti\u00f3 una alerta a la poblaci\u00f3n ante el incremento alarmante del nivel de Rayos Ultra Violeta (UV), que ha alcanzado el nivel 13, considerado \u201cextremo\u201d por la Organizaci\u00f3n Mundial de la Salud (OMS). Este nivel de exposici\u00f3n representa un riesgo importante para la salud de la piel, especialmente durante las horas de mayor radiaci\u00f3n, que comprenden entre las 11:00 de la ma\u00f1ana y las 3:00 de la tarde.<\/p>\n\n\n\n<p>Las autoridades locales recomiendan evitar en lo posible la exposici\u00f3n directa al sol en dicho horario, as\u00ed como adoptar medidas preventivas para protegerse. Entre las acciones sugeridas destacan el uso de bloqueador solar de amplio espectro en rostro y cuerpo, portar sombrilla, gorra, cachucha o sombrero y vestir ropa que cubra la piel. Estas medidas son especialmente importantes para ni\u00f1os, adultos mayores y personas que trabajan al aire libre.<\/p>\n\n\n\n<p>Adem\u00e1s, Protecci\u00f3n Civil exhort\u00f3 a la ciudadan\u00eda a mantenerse bien hidratada para prevenir golpes de calor. Tambi\u00e9n se recomienda incluir frutas y verduras en la dieta diaria, as\u00ed como el consumo de vitaminas, minerales y sueros orales para fortalecer el organismo ante las altas temperaturas y la exposici\u00f3n solar prolongada.<\/p>\n\n\n\n<p>Finalmente, se pidi\u00f3 a la poblaci\u00f3n estar atenta a se\u00f1ales de alerta en el cuerpo, como manchas en la piel, enrojecimiento, o sensaci\u00f3n de fatiga inusual, y acudir de inmediato al m\u00e9dico en caso de presentar estos s\u00edntomas. \u200e<\/p>\n","protected":false},"excerpt":{"rendered":"<p>La Coordinaci\u00f3n de Protecci\u00f3n Civil y Bomberos de Lerdo emiti\u00f3 una alerta a la poblaci\u00f3n ante el incremento alarmante del nivel de Rayos Ultra Violeta (UV), que ha alcanzado el nivel 13, considerado \u201cextremo\u201d por la Organizaci\u00f3n Mundial de la Salud (OMS). Este nivel de exposici\u00f3n representa un riesgo importante para la salud de la [&hellip;]<\/p>\n","protected":false},"author":1,"featured_media":20742,"comment_status":"open","ping_status":"open","sticky":false,"template":"","format":"standard","meta":{"_monsterinsights_skip_tracking":false,"_monsterinsights_sitenote_active":false,"_monsterinsights_sitenote_note":"","_monsterinsights_sitenote_category":0,"footnotes":""},"categories":[1],"tags":[],"_links":{"self":[{"href":"https:\/\/zonalimitrofe-cbnr.com\/index.php\/wp-json\/wp\/v2\/posts\/20741"}],"collection":[{"href":"https:\/\/zonalimitrofe-cbnr.com\/index.php\/wp-json\/wp\/v2\/posts"}],"about":[{"href":"https:\/\/zonalimitrofe-cbnr.com\/index.php\/wp-json\/wp\/v2\/types\/post"}],"author":[{"embeddable":true,"href":"https:\/\/zonalimitrofe-cbnr.com\/index.php\/wp-json\/wp\/v2\/users\/1"}],"replies":[{"embeddable":true,"href":"https:\/\/zonalimitrofe-cbnr.com\/index.php\/wp-json\/wp\/v2\/comments?post=20741"}],"version-history":[{"count":1,"href":"https:\/\/zonalimitrofe-cbnr.com\/index.php\/wp-json\/wp\/v2\/posts\/20741\/revisions"}],"predecessor-version":[{"id":20743,"href":"https:\/\/zonalimitrofe-cbnr.com\/index.php\/wp-json\/wp\/v2\/posts\/20741\/revisions\/20743"}],"wp:featuredmedia":[{"embeddable":true,"href":"https:\/\/zonalimitrofe-cbnr.com\/index.php\/wp-json\/wp\/v2\/media\/20742"}],"wp:attachment":[{"href":"https:\/\/zonalimitrofe-cbnr.com\/index.php\/wp-json\/wp\/v2\/media?parent=20741"}],"wp:term":[{"taxonomy":"category","embeddable":true,"href":"https:\/\/zonalimitrofe-cbnr.com\/index.php\/wp-json\/wp\/v2\/categories?post=20741"},{"taxonomy":"post_tag","embeddable":true,"href":"https:\/\/zonalimitrofe-cbnr.com\/index.php\/wp-json\/wp\/v2\/tags?post=20741"}],"curies":[{"name":"wp","href":"https:\/\/api.w.org\/{rel}","templated":true}]}}