{"id":20738,"date":"2025-05-27T14:38:22","date_gmt":"2025-05-27T20:38:22","guid":{"rendered":"https:\/\/zonalimitrofe-cbnr.com\/?p=20738"},"modified":"2025-05-27T14:38:22","modified_gmt":"2025-05-27T20:38:22","slug":"torreon-roman-alberto-cepeda-gonzalez-recibe-las-concesiones-de-tv-torreon-canal-28-y-radio-torreon","status":"publish","type":"post","link":"https:\/\/zonalimitrofe-cbnr.com\/index.php\/2025\/05\/27\/torreon-roman-alberto-cepeda-gonzalez-recibe-las-concesiones-de-tv-torreon-canal-28-y-radio-torreon\/","title":{"rendered":"#Torre\u00f3n. Rom\u00e1n Alberto Cepeda Gonz\u00e1lez recibe las concesiones de TV Torre\u00f3n Canal 28 y Radio Torre\u00f3n"},"content":{"rendered":"\n<p>Torre\u00f3n, Coahuila. A 27 de mayo de 2025<\/p>\n\n\n\n<p>Este martes, el alcalde Rom\u00e1n Alberto Cepeda Gonz\u00e1lez recibi\u00f3 las concesiones otorgadas por el Instituto Federal de Telecomunicaciones, para el canal de televisi\u00f3n \u201cTV Torre\u00f3n Canal 28\u201d y la renovaci\u00f3n de \u201cXHTOR Radio Torre\u00f3n 96.3 FM\u201d, ambas por 15 a\u00f1os.<\/p>\n\n\n\n<p>Adem\u00e1s, el Presidente Municipal visit\u00f3 las instalaciones de Radio Torre\u00f3n, y supervis\u00f3 el avance en los trabajos de construcci\u00f3n de \u201cTV Torre\u00f3n Canal 28\u201d, en donde se invertir\u00e1n cerca de 20 millones de pesos en equipamiento, tecnolog\u00eda y sets, entre otras acciones.<\/p>\n\n\n\n<p>El edil destac\u00f3 que Torre\u00f3n ser\u00e1 el primer municipio del pa\u00eds en contar con una concesi\u00f3n oficial de televisi\u00f3n, lo que tambi\u00e9n representa un logro para la Regi\u00f3n Lagunera, pues se podr\u00e1 ver hasta el municipio de Parras.<\/p>\n\n\n\n<p>Se prev\u00e9 que la obra est\u00e9 concluida entre finales de julio y principios de agosto, con lo cual iniciar\u00e1 una nueva etapa en la comunicaci\u00f3n institucional del Municipio.<\/p>\n\n\n\n<p>\u201cEsto significa un compromiso de comunicar responsablemente, transmitir desde TV Torre\u00f3n Canal 28. En dos meses habremos de iniciar, e impulsar con un sentido de responsabilidad y compromiso\u201d.<\/p>\n\n\n\n<p>Cepeda Gonz\u00e1lez dijo que el prop\u00f3sito fundamental de este canal ser\u00e1 informar con veracidad y claridad, adem\u00e1s de promover la cultura, la educaci\u00f3n, el arte y los temas de inter\u00e9s com\u00fan, mediante una programaci\u00f3n que refleje la identidad y el talento lagunero.<\/p>\n\n\n\n<p>\u201cEn M\u00e9xico \u00fanicamente la UNAM y el Instituto Polit\u00e9cnico Nacional, tienen Concesiones Federales, ahora tambi\u00e9n ser\u00e1 Torre\u00f3n, con un canal que poseer\u00e1 una cobertura m\u00e1xima de 50 kil\u00f3metros\u201d.<\/p>\n\n\n\n<p>Asimismo, destac\u00f3 que realizar\u00e1n acuerdos con los distintos institutos, museos, teatros y recintos culturales de Torre\u00f3n, que permitan llevar sus actividades a la pantalla del Canal 28.<\/p>\n\n\n\n<p>\u201cQueremos acercar a todos los espacios del municipio, talentos laguneros, y usar este medio como una plataforma de conocimiento y educaci\u00f3n\u201d.<\/p>\n\n\n\n<p>Rom\u00e1n Alberto Cepeda Gonz\u00e1lez afirm\u00f3 que el mayor logro no es s\u00f3lo obtener la concesi\u00f3n, sino ejercerla con responsabilidad, pues su renovaci\u00f3n dentro de 15 a\u00f1os depender\u00e1 del uso correcto y comprometido que se le d\u00e9 desde ahora.<\/p>\n\n\n\n<p>\u201cTengan la seguridad de que desde mi Gobierno se transmitir\u00e1 con sentido de compromiso, para mantener bien informados a Torre\u00f3n, la Comarca Lagunera y hasta Parras, donde llegar\u00e1 la se\u00f1al\u201d.<\/p>\n\n\n\n<p>Por su parte, el director de Radio Torre\u00f3n, Armando Cobi\u00e1n Lafont, dio a conocer que la programaci\u00f3n en vivo del canal contar\u00e1 con una amplia variedad de contenidos, incluyendo noticieros, programas de revista, temas culturales, educativos, infantiles, entre otros.<\/p>\n\n\n\n<p>Indic\u00f3 que ser\u00e1 en el mes de julio cuando se presenten la publicidad y la imagen oficial del canal, dando inicio la programaci\u00f3n con los festejos por el 118 aniversario de Torre\u00f3n.<\/p>\n\n\n\n<p>Respecto al personal que conducir\u00e1 la televisi\u00f3n, se\u00f1al\u00f3 que estar\u00e1 involucrado el Instituto Municipal de Cultura y Educaci\u00f3n (IMCE), as\u00ed como profesionales que cumplan con el perfil adecuado.<\/p>\n\n\n\n<p>Adem\u00e1s, se incluir\u00e1 una barra especial dedicada a la asistencia social, dise\u00f1ada en conjunto con la se\u00f1ora Selina Bremer de Cepeda, presidenta honoraria del Sistema para el Desarrollo Integral de la Familia (DIF), con un espacio donde se hablar\u00e1 sobre los programas del organismo y las organizaciones a las que apoya.<\/p>\n","protected":false},"excerpt":{"rendered":"<p>Torre\u00f3n, Coahuila. A 27 de mayo de 2025 Este martes, el alcalde Rom\u00e1n Alberto Cepeda Gonz\u00e1lez recibi\u00f3 las concesiones otorgadas por el Instituto Federal de Telecomunicaciones, para el canal de televisi\u00f3n \u201cTV Torre\u00f3n Canal 28\u201d y la renovaci\u00f3n de \u201cXHTOR Radio Torre\u00f3n 96.3 FM\u201d, ambas por 15 a\u00f1os. Adem\u00e1s, el Presidente Municipal visit\u00f3 las instalaciones [&hellip;]<\/p>\n","protected":false},"author":1,"featured_media":20739,"comment_status":"open","ping_status":"open","sticky":false,"template":"","format":"standard","meta":{"_monsterinsights_skip_tracking":false,"_monsterinsights_sitenote_active":false,"_monsterinsights_sitenote_note":"","_monsterinsights_sitenote_category":0,"footnotes":""},"categories":[1],"tags":[],"_links":{"self":[{"href":"https:\/\/zonalimitrofe-cbnr.com\/index.php\/wp-json\/wp\/v2\/posts\/20738"}],"collection":[{"href":"https:\/\/zonalimitrofe-cbnr.com\/index.php\/wp-json\/wp\/v2\/posts"}],"about":[{"href":"https:\/\/zonalimitrofe-cbnr.com\/index.php\/wp-json\/wp\/v2\/types\/post"}],"author":[{"embeddable":true,"href":"https:\/\/zonalimitrofe-cbnr.com\/index.php\/wp-json\/wp\/v2\/users\/1"}],"replies":[{"embeddable":true,"href":"https:\/\/zonalimitrofe-cbnr.com\/index.php\/wp-json\/wp\/v2\/comments?post=20738"}],"version-history":[{"count":1,"href":"https:\/\/zonalimitrofe-cbnr.com\/index.php\/wp-json\/wp\/v2\/posts\/20738\/revisions"}],"predecessor-version":[{"id":20740,"href":"https:\/\/zonalimitrofe-cbnr.com\/index.php\/wp-json\/wp\/v2\/posts\/20738\/revisions\/20740"}],"wp:featuredmedia":[{"embeddable":true,"href":"https:\/\/zonalimitrofe-cbnr.com\/index.php\/wp-json\/wp\/v2\/media\/20739"}],"wp:attachment":[{"href":"https:\/\/zonalimitrofe-cbnr.com\/index.php\/wp-json\/wp\/v2\/media?parent=20738"}],"wp:term":[{"taxonomy":"category","embeddable":true,"href":"https:\/\/zonalimitrofe-cbnr.com\/index.php\/wp-json\/wp\/v2\/categories?post=20738"},{"taxonomy":"post_tag","embeddable":true,"href":"https:\/\/zonalimitrofe-cbnr.com\/index.php\/wp-json\/wp\/v2\/tags?post=20738"}],"curies":[{"name":"wp","href":"https:\/\/api.w.org\/{rel}","templated":true}]}}