{"id":20246,"date":"2025-05-16T18:17:53","date_gmt":"2025-05-17T00:17:53","guid":{"rendered":"https:\/\/zonalimitrofe-cbnr.com\/?p=20246"},"modified":"2025-05-16T18:18:05","modified_gmt":"2025-05-17T00:18:05","slug":"campanasdurango-diputados-federales-en-apoyo-y-respaldo-a-la-campana-de-susy-torrecillas","status":"publish","type":"post","link":"https:\/\/zonalimitrofe-cbnr.com\/index.php\/2025\/05\/16\/campanasdurango-diputados-federales-en-apoyo-y-respaldo-a-la-campana-de-susy-torrecillas\/","title":{"rendered":"#Campa\u00f1asDurango. Diputados federales en apoyo y respaldo a la campa\u00f1a de Susy Torrecillas"},"content":{"rendered":"\n<p>Permanecer\u00e1n en La Laguna en la promoci\u00f3n y defensa del voto en este cierre de campa\u00f1a pol\u00edtica<\/p>\n\n\n\n<p>Lerdo, Dgo. &#8211; A doce d\u00edas de concluir la campa\u00f1a pol\u00edtica y a 15 de la celebraci\u00f3n del proceso electoral constitucional del pr\u00f3ximo primero de junio, la dirigencia local del PRI con Carlos Cruz Ram\u00edrez y diputados federales se hicieron presentes este viernes en Lerdo para manifestar apoyo y defensa del voto en torno a la campa\u00f1a de la candidata a alcaldesa por la alianza en com\u00fan de \u201cUnidad y Grandeza\u201d que encabeza Susy Torrecillas.<\/p>\n\n\n\n<p>\u201cVamos hacer v\u00ednculos de comunicaci\u00f3n con todos nuestros alcaldes para que los alcaldes puedan tener la llave abierta que es a la vez de donde emana el recurso. Tenemos que buscar que tengamos que ser escuchados en la ciudad de M\u00e9xico para que se puedan destinar estos recursos en beneficio de Lerdo\u201d, de esta manera lo declar\u00f3 el diputado federal, Arturo Y\u00e1\u00f1ez Cu\u00e9llar.<\/p>\n\n\n\n<p>Lo anterior se manifest\u00f3 por medio de una conferencia de prensa que fue encabezada por el legislador federal Arturo Y\u00e1\u00f1ez Cu\u00e9llar, Jos\u00e9 Mar\u00eda Alcantar, delegado del comit\u00e9 estatal en Lerdo; Ricardo L\u00f3pez Pescador, ex diputado local y ex dirigente estatal del partido, as\u00ed como Carlos Cruz Ram\u00edrez, l\u00edder del PRI en Lerdo.<\/p>\n\n\n\n<p>Por su parte Arturo Y\u00e1\u00f1ez destac\u00f3 la importancia de que se proteja y apoye a las y los alcaldes de la Regi\u00f3n Lagunera de Durango; todo este trabajo en el ejercicio de gobierno ya cuando Susy Torrecillas llegue a la alcald\u00eda es ir cobijados por el Gobierno del Estado de Durango, que encabeza Esteban Villegas Villarreal.<\/p>\n\n\n\n<p>\u201cPara que lleguen programas, lleguen beneficios, recursos a este bello estado de Durango, hay que hacerle un llamado a las y los lerdenses, Morena donde llega a gobernar es un desastre es una situaci\u00f3n de cat\u00e1strofe y no lo digo en un \u00e1nimo de descalificar ustedes vean los resultados que tiene Morena en el Estado de Zacatecas, Sinaloa donde lamentablemente no cuentan con la misma afluencia de turistas\u201d, subray\u00f3.<\/p>\n\n\n\n<p>En ese sentido tanto Carlos Daniel Cruz Ram\u00edrez y Arturo Y\u00e1\u00f1ez Cu\u00e9llar, invitaron al electorado a hacer memoria del buen trabajo que se ha hecho y las soluciones sobre todo que el Gobierno de Homero Mart\u00ednez ha realizado y del cual lo ideal es que contin\u00fae para prolongar el desarrollo econ\u00f3mico y urbano.<\/p>\n\n\n\n<p>A su vez, Cruz Ram\u00edrez, dirigente del PRI en Lerdo, recalc\u00f3, \u201chay que aplaudir el respaldo que hemos tenido del Gobierno del Estado en las acciones municipales, ha hecho una muy buena mancuerna con el Municipio de Lerdo, est\u00e1n viendo para el futuro en cuanto a las nuevas inversiones que se est\u00e1n logrando; hoy no queda m\u00e1s que redoblar el esfuerzo para llegar a un buen resultado el pr\u00f3ximo 01 de junio\u201d.<\/p>\n","protected":false},"excerpt":{"rendered":"<p>Permanecer\u00e1n en La Laguna en la promoci\u00f3n y defensa del voto en este cierre de campa\u00f1a pol\u00edtica Lerdo, Dgo. &#8211; A doce d\u00edas de concluir la campa\u00f1a pol\u00edtica y a 15 de la celebraci\u00f3n del proceso electoral constitucional del pr\u00f3ximo primero de junio, la dirigencia local del PRI con Carlos Cruz Ram\u00edrez y diputados federales [&hellip;]<\/p>\n","protected":false},"author":1,"featured_media":20247,"comment_status":"open","ping_status":"open","sticky":false,"template":"","format":"standard","meta":{"_monsterinsights_skip_tracking":false,"_monsterinsights_sitenote_active":false,"_monsterinsights_sitenote_note":"","_monsterinsights_sitenote_category":0,"footnotes":""},"categories":[1],"tags":[],"_links":{"self":[{"href":"https:\/\/zonalimitrofe-cbnr.com\/index.php\/wp-json\/wp\/v2\/posts\/20246"}],"collection":[{"href":"https:\/\/zonalimitrofe-cbnr.com\/index.php\/wp-json\/wp\/v2\/posts"}],"about":[{"href":"https:\/\/zonalimitrofe-cbnr.com\/index.php\/wp-json\/wp\/v2\/types\/post"}],"author":[{"embeddable":true,"href":"https:\/\/zonalimitrofe-cbnr.com\/index.php\/wp-json\/wp\/v2\/users\/1"}],"replies":[{"embeddable":true,"href":"https:\/\/zonalimitrofe-cbnr.com\/index.php\/wp-json\/wp\/v2\/comments?post=20246"}],"version-history":[{"count":1,"href":"https:\/\/zonalimitrofe-cbnr.com\/index.php\/wp-json\/wp\/v2\/posts\/20246\/revisions"}],"predecessor-version":[{"id":20248,"href":"https:\/\/zonalimitrofe-cbnr.com\/index.php\/wp-json\/wp\/v2\/posts\/20246\/revisions\/20248"}],"wp:featuredmedia":[{"embeddable":true,"href":"https:\/\/zonalimitrofe-cbnr.com\/index.php\/wp-json\/wp\/v2\/media\/20247"}],"wp:attachment":[{"href":"https:\/\/zonalimitrofe-cbnr.com\/index.php\/wp-json\/wp\/v2\/media?parent=20246"}],"wp:term":[{"taxonomy":"category","embeddable":true,"href":"https:\/\/zonalimitrofe-cbnr.com\/index.php\/wp-json\/wp\/v2\/categories?post=20246"},{"taxonomy":"post_tag","embeddable":true,"href":"https:\/\/zonalimitrofe-cbnr.com\/index.php\/wp-json\/wp\/v2\/tags?post=20246"}],"curies":[{"name":"wp","href":"https:\/\/api.w.org\/{rel}","templated":true}]}}