{"id":20237,"date":"2025-05-16T18:07:09","date_gmt":"2025-05-17T00:07:09","guid":{"rendered":"https:\/\/zonalimitrofe-cbnr.com\/?p=20237"},"modified":"2025-05-16T18:07:10","modified_gmt":"2025-05-17T00:07:10","slug":"lerdo-campana-de-diagnostico-oftalmologico-gratuito-en-lerdo-del-19-al-21-de-mayo","status":"publish","type":"post","link":"https:\/\/zonalimitrofe-cbnr.com\/index.php\/2025\/05\/16\/lerdo-campana-de-diagnostico-oftalmologico-gratuito-en-lerdo-del-19-al-21-de-mayo\/","title":{"rendered":"#Lerdo. Campa\u00f1a de Diagn\u00f3stico Oftalmol\u00f3gico Gratuito en Lerdo: del 19 al 21 de mayo"},"content":{"rendered":"\n<p>Por instrucciones del alcalde Homero Mart\u00ednez Cabrera, el Instituto Municipal del Adulto Mayor en Lerdo, en coordinaci\u00f3n con el Centro Oftalmol\u00f3gico de la Visi\u00f3n La F\u00e9 da Visi\u00f3n, invita a la ciudadan\u00eda a participar en la Campa\u00f1a de Diagn\u00f3stico Oftalmol\u00f3gico Gratuito, con el objetivo de detectar a personas en situaci\u00f3n vulnerable que requieran cirug\u00eda de cataratas o de retina.<\/p>\n\n\n\n<p>Los ex\u00e1menes se realizar\u00e1n los d\u00edas 19, 20 y 21 de mayo, en un horario de 9:00 de la ma\u00f1ana a 3:00 de la tarde, en el lobby del Teatro Hermila Galindo.<\/p>\n\n\n\n<p>Durante esta semana, el alcalde Homero Mart\u00ednez Cabrera, acompa\u00f1ado por la directora del Instituto del Adulto Mayor, firm\u00f3 por segundo a\u00f1o consecutivo un convenio con el Centro Oftalmol\u00f3gico para realizar hasta 200 cirug\u00edas de cataratas, sumando as\u00ed m\u00e1s de 500 procedimientos durante su administraci\u00f3n.<\/p>\n\n\n\n<p>El presidente municipal reafirm\u00f3 la importancia de este tipo de programas que buscan mejorar la salud visual de la poblaci\u00f3n, no solo de los adultos mayores, sino de la comunidad en general. \u201cLa visi\u00f3n dignifica la calidad de vida de una persona\u201d, destac\u00f3 el edil.<\/p>\n","protected":false},"excerpt":{"rendered":"<p>Por instrucciones del alcalde Homero Mart\u00ednez Cabrera, el Instituto Municipal del Adulto Mayor en Lerdo, en coordinaci\u00f3n con el Centro Oftalmol\u00f3gico de la Visi\u00f3n La F\u00e9 da Visi\u00f3n, invita a la ciudadan\u00eda a participar en la Campa\u00f1a de Diagn\u00f3stico Oftalmol\u00f3gico Gratuito, con el objetivo de detectar a personas en situaci\u00f3n vulnerable que requieran cirug\u00eda de [&hellip;]<\/p>\n","protected":false},"author":1,"featured_media":20238,"comment_status":"open","ping_status":"open","sticky":false,"template":"","format":"standard","meta":{"_monsterinsights_skip_tracking":false,"_monsterinsights_sitenote_active":false,"_monsterinsights_sitenote_note":"","_monsterinsights_sitenote_category":0,"footnotes":""},"categories":[1],"tags":[],"_links":{"self":[{"href":"https:\/\/zonalimitrofe-cbnr.com\/index.php\/wp-json\/wp\/v2\/posts\/20237"}],"collection":[{"href":"https:\/\/zonalimitrofe-cbnr.com\/index.php\/wp-json\/wp\/v2\/posts"}],"about":[{"href":"https:\/\/zonalimitrofe-cbnr.com\/index.php\/wp-json\/wp\/v2\/types\/post"}],"author":[{"embeddable":true,"href":"https:\/\/zonalimitrofe-cbnr.com\/index.php\/wp-json\/wp\/v2\/users\/1"}],"replies":[{"embeddable":true,"href":"https:\/\/zonalimitrofe-cbnr.com\/index.php\/wp-json\/wp\/v2\/comments?post=20237"}],"version-history":[{"count":1,"href":"https:\/\/zonalimitrofe-cbnr.com\/index.php\/wp-json\/wp\/v2\/posts\/20237\/revisions"}],"predecessor-version":[{"id":20239,"href":"https:\/\/zonalimitrofe-cbnr.com\/index.php\/wp-json\/wp\/v2\/posts\/20237\/revisions\/20239"}],"wp:featuredmedia":[{"embeddable":true,"href":"https:\/\/zonalimitrofe-cbnr.com\/index.php\/wp-json\/wp\/v2\/media\/20238"}],"wp:attachment":[{"href":"https:\/\/zonalimitrofe-cbnr.com\/index.php\/wp-json\/wp\/v2\/media?parent=20237"}],"wp:term":[{"taxonomy":"category","embeddable":true,"href":"https:\/\/zonalimitrofe-cbnr.com\/index.php\/wp-json\/wp\/v2\/categories?post=20237"},{"taxonomy":"post_tag","embeddable":true,"href":"https:\/\/zonalimitrofe-cbnr.com\/index.php\/wp-json\/wp\/v2\/tags?post=20237"}],"curies":[{"name":"wp","href":"https:\/\/api.w.org\/{rel}","templated":true}]}}