{"id":20234,"date":"2025-05-16T18:03:18","date_gmt":"2025-05-17T00:03:18","guid":{"rendered":"https:\/\/zonalimitrofe-cbnr.com\/?p=20234"},"modified":"2025-05-16T18:03:18","modified_gmt":"2025-05-17T00:03:18","slug":"torreon-roman-alberto-cepeda-gonzalez-reconoce-a-maestras-y-maestros-por-su-trabajo-en-la-construccion-de-un-mejor-futuro-para-torreon","status":"publish","type":"post","link":"https:\/\/zonalimitrofe-cbnr.com\/index.php\/2025\/05\/16\/torreon-roman-alberto-cepeda-gonzalez-reconoce-a-maestras-y-maestros-por-su-trabajo-en-la-construccion-de-un-mejor-futuro-para-torreon\/","title":{"rendered":"#Torre\u00f3n. Rom\u00e1n Alberto Cepeda Gonz\u00e1lez reconoce a maestras y maestros por su trabajo en la construcci\u00f3n de un mejor futuro para Torre\u00f3n"},"content":{"rendered":"\n<p>Torre\u00f3n, Coahuila. A 16 de mayo de 2025<\/p>\n\n\n\n<p>En el marco de los festejos del D\u00eda del Maestro, el alcalde Rom\u00e1n Alberto Cepeda Gonz\u00e1lez reconoci\u00f3 su invaluable labor en la educaci\u00f3n de ni\u00f1as, ni\u00f1os y j\u00f3venes, as\u00ed como su contribuci\u00f3n en la construcci\u00f3n de un mejor futuro para Torre\u00f3n y Coahuila.<\/p>\n\n\n\n<p>Durante la entrega de preseas a maestros por 30, 40 y 50 a\u00f1os de servicio, que se realiz\u00f3 la ma\u00f1ana de este viernes en el Centro de Convenciones de Torre\u00f3n, el edil destac\u00f3 su compromiso diario, quienes a trav\u00e9s del conocimiento, cultivan el desarrollo de nuevas generaciones.<\/p>\n\n\n\n<p>\u201cEn Torre\u00f3n podemos decir que tenemos maestras y maestros comprometidos con la educaci\u00f3n, con la formaci\u00f3n, con el futuro de este gran municipio, gran regi\u00f3n y gran estado\u201d.<\/p>\n\n\n\n<p>Cepeda Gonz\u00e1lez dijo que estos avances en materia educativa son posibles gracias al trabajo conjunto entre sociedad y Gobierno, basado en valores como la seguridad, el orden, el respeto y el trabajo, condiciones que benefician directamente a los estudiantes que en el futuro dirigir\u00e1n el rumbo de Torre\u00f3n.<\/p>\n\n\n\n<p>\u201cSeguiremos coordinando esfuerzos para que este eje n\u00famero uno, que es la Seguridad y el Orden, siga prevaleciendo. As\u00ed podremos formar, educar y construir el futuro de esta gran tierra, haciendo cada quien lo que nos corresponde. Torre\u00f3n seguir\u00e1 siendo un ejemplo nacional de generaci\u00f3n de empleo, seguridad y certeza, y eso solo se logra con trabajo en equipo\u201d, se\u00f1al\u00f3 el Presidente Municipal.<\/p>\n\n\n\n<p>Por su parte, el secretario de gobierno, Oscar Pimentel Gonz\u00e1lez, en representaci\u00f3n del gobernador de Coahuila, Manolo Jim\u00e9nez Salinas, extendi\u00f3 una felicitaci\u00f3n a todos los maestros y las maestras que recibieron la presea, reconociendo que la educaci\u00f3n es un reto y, al mismo tiempo, un puente hacia el futuro, pues los docentes son capaces de comprender y enfrentar los desaf\u00edos actuales.<\/p>\n\n\n\n<p>\u201cSon un gran ejemplo para todos los servidores p\u00fablicos, y, sobre todo, un ejemplo destacado en el servicio educativo de nuestro estado\u201d, indic\u00f3.<\/p>\n\n\n\n<p>En este sentido, exhort\u00f3 a los docentes a continuar realizando su labor con eficacia, actualiz\u00e1ndose constantemente con nuevos contenidos tecnol\u00f3gicos, para as\u00ed formar a ni\u00f1as y ni\u00f1os capaces de enfrentar los desaf\u00edos que plantea el futuro.<\/p>\n\n\n\n<p>Adem\u00e1s, Emanuel Garza Fishburn, Secretario de Educaci\u00f3n en Coahuila, dio a conocer que el homenaje se realiza a 162 maestros y maestras agremiados a la secci\u00f3n 35, por su ardua labor durante 30, 40 o 50 a\u00f1os de servicio.<\/p>\n\n\n\n<p>De ellos 117 con la medalla &#8220;Rafael Ram\u00edrez&#8221;, por 30 a\u00f1os de servicio en escuelas federalizadas; 41 con la condecoraci\u00f3n &#8220;Maestro Altamirano&#8221;, por 40 a\u00f1os de servicio docente; un maestro con el reconocimiento &#8220;F\u00e9lix Campos Corona&#8221;, dos maestras la condecoraci\u00f3n &#8220;Candelaria Valdez Valdez&#8221; y otro maestro m\u00e1s la medalla &#8220;General Victoriano Cepeda&#8221; por tareas relevantes a favor de la educaci\u00f3n y la comunidad.<\/p>\n\n\n\n<p>&#8220;Este evento representa el m\u00e1ximo reconocimiento que puede recibir un maestro o una maestra. Entregar estas medallas no solamente un acto simb\u00f3lico, sino un derecho ganado por una vida dedicada a la ense\u00f1anza&#8221;, indic\u00f3 el secretario.<\/p>\n\n\n\n<p>Destac\u00f3 que las distinciones fueron realizadas por decretos tanto a nivel Nacional y Estatal, para reconocer la labor de los maestros.<\/p>\n\n\n\n<p>En su participaci\u00f3n, Arturo D\u00edaz Gonz\u00e1lez, secretario general de la Secci\u00f3n 35 del SNTE, resalt\u00f3 la gran labor de los docentes y reconoci\u00f3 su esfuerzo por la educaci\u00f3n de los ni\u00f1os y ni\u00f1as, y agreg\u00f3 que una buena labor dignifica y deja huella en los alumnos.<\/p>\n\n\n\n<p>\u201cSer maestro no es solo cubrir un horario de clases o cumplir con los contenidos de un plan de estudios. Ser maestro es formar personas provechosas y exitosas para la vida. Es encender vocaciones, acompa\u00f1ar procesos y sembrar valores que perduran m\u00e1s all\u00e1 del aula. Es ver en cada alumno un futuro posible, porque m\u00e1s que formar mentes, formamos corazones que pueden cambiar el mundo\u201d, indic\u00f3.<\/p>\n\n\n\n<p>Finalmente fueron sorteados entre los galardonados, dos autom\u00f3viles y cinco viajes a Puerto Vallarta, Jalisco, como parte de su reconocimiento.<\/p>\n\n\n\n<p>En el evento estuvieron presentes adem\u00e1s: Felipe Eduardo Gonz\u00e1lez Miranda, Diputado del Congreso del Estado; Arturo Diaz Gonz\u00e1lez, Secretario General de la Secci\u00f3n 35 del SNTE; Lorenzo Salazar Lozano, representante SNTE Nacional; Jorge Alberto Salcido, Subsecretario de Educaci\u00f3n del Estado; Ignacio Castillo, Subsecretario de Vinculaci\u00f3n de Servicios Educativos; Cristian Omar Duna, supervisor de escuelas rurales en la Regi\u00f3n Laguna, adem\u00e1s de funcionarios municipales y estatales.<\/p>\n","protected":false},"excerpt":{"rendered":"<p>Torre\u00f3n, Coahuila. A 16 de mayo de 2025 En el marco de los festejos del D\u00eda del Maestro, el alcalde Rom\u00e1n Alberto Cepeda Gonz\u00e1lez reconoci\u00f3 su invaluable labor en la educaci\u00f3n de ni\u00f1as, ni\u00f1os y j\u00f3venes, as\u00ed como su contribuci\u00f3n en la construcci\u00f3n de un mejor futuro para Torre\u00f3n y Coahuila. Durante la entrega de [&hellip;]<\/p>\n","protected":false},"author":1,"featured_media":20235,"comment_status":"open","ping_status":"open","sticky":false,"template":"","format":"standard","meta":{"_monsterinsights_skip_tracking":false,"_monsterinsights_sitenote_active":false,"_monsterinsights_sitenote_note":"","_monsterinsights_sitenote_category":0,"footnotes":""},"categories":[1],"tags":[],"_links":{"self":[{"href":"https:\/\/zonalimitrofe-cbnr.com\/index.php\/wp-json\/wp\/v2\/posts\/20234"}],"collection":[{"href":"https:\/\/zonalimitrofe-cbnr.com\/index.php\/wp-json\/wp\/v2\/posts"}],"about":[{"href":"https:\/\/zonalimitrofe-cbnr.com\/index.php\/wp-json\/wp\/v2\/types\/post"}],"author":[{"embeddable":true,"href":"https:\/\/zonalimitrofe-cbnr.com\/index.php\/wp-json\/wp\/v2\/users\/1"}],"replies":[{"embeddable":true,"href":"https:\/\/zonalimitrofe-cbnr.com\/index.php\/wp-json\/wp\/v2\/comments?post=20234"}],"version-history":[{"count":1,"href":"https:\/\/zonalimitrofe-cbnr.com\/index.php\/wp-json\/wp\/v2\/posts\/20234\/revisions"}],"predecessor-version":[{"id":20236,"href":"https:\/\/zonalimitrofe-cbnr.com\/index.php\/wp-json\/wp\/v2\/posts\/20234\/revisions\/20236"}],"wp:featuredmedia":[{"embeddable":true,"href":"https:\/\/zonalimitrofe-cbnr.com\/index.php\/wp-json\/wp\/v2\/media\/20235"}],"wp:attachment":[{"href":"https:\/\/zonalimitrofe-cbnr.com\/index.php\/wp-json\/wp\/v2\/media?parent=20234"}],"wp:term":[{"taxonomy":"category","embeddable":true,"href":"https:\/\/zonalimitrofe-cbnr.com\/index.php\/wp-json\/wp\/v2\/categories?post=20234"},{"taxonomy":"post_tag","embeddable":true,"href":"https:\/\/zonalimitrofe-cbnr.com\/index.php\/wp-json\/wp\/v2\/tags?post=20234"}],"curies":[{"name":"wp","href":"https:\/\/api.w.org\/{rel}","templated":true}]}}