{"id":20218,"date":"2025-05-15T19:25:13","date_gmt":"2025-05-16T01:25:13","guid":{"rendered":"https:\/\/zonalimitrofe-cbnr.com\/?p=20218"},"modified":"2025-05-15T19:25:14","modified_gmt":"2025-05-16T01:25:14","slug":"lerdo-celebracion-dia-del-maestro","status":"publish","type":"post","link":"https:\/\/zonalimitrofe-cbnr.com\/index.php\/2025\/05\/15\/lerdo-celebracion-dia-del-maestro\/","title":{"rendered":"#Lerdo. CELEBRACI\u00d3N D\u00cdA DEL MAESTRO"},"content":{"rendered":"\n<p>En el marco del D\u00eda del Maestro, la Direcci\u00f3n de Educaci\u00f3n Municipal llev\u00f3 a cabo una emotiva ceremonia este jueves 15 de mayo en el Parque Victoria, justo frente al monumento en honor al maestro, para rendir homenaje a las y los docentes que con esfuerzo y vocaci\u00f3n forjan el futuro de la sociedad.<\/p>\n\n\n\n<p>En representaci\u00f3n del Presidente Municipal Homero Mart\u00ednez Cabrera, el Secretario del Ayuntamiento, Jes\u00fas Eduardo Lara Urby, dirigi\u00f3 un mensaje de agradecimiento a los maestros por su amor, paciencia y dedicaci\u00f3n en la noble tarea de educar y guiar a ni\u00f1as, ni\u00f1os, j\u00f3venes y adultos por el camino del conocimiento y la vida.<\/p>\n\n\n\n<p>Durante su intervenci\u00f3n, Lara Urby rememor\u00f3 que fue el expresidente Venustiano Carranza quien, en 1917, decret\u00f3 el 15 de mayo como el D\u00eda del Maestro en M\u00e9xico. Subray\u00f3 que esta fecha reconoce a los docentes como facilitadores del aprendizaje, quienes a trav\u00e9s de metodolog\u00edas activas brindan herramientas para comprender el mundo desde m\u00faltiples perspectivas y promover la convivencia en sociedad.<\/p>\n\n\n\n<p>Asimismo, se cont\u00f3 con la presencia de representantes del Sindicato Nacional de Trabajadores de la Educaci\u00f3n (SNTE), como Diego Favela de la Secci\u00f3n 35 y Diana Campos, Coordinadora Regional de la Secci\u00f3n 44. Ambos destacaron la importancia de dignificar la profesi\u00f3n docente y conmemoraron los logros alcanzados gracias a la lucha del gremio magisterial.<\/p>\n\n\n\n<p>El acto c\u00edvico incluy\u00f3 la entonaci\u00f3n del Himno Nacional Mexicano, acompa\u00f1ado por la escolta con bandera a cargo del CELC. Posteriormente, el profesor Abraham Alfredo Arellano P\u00e9rez, de la Escuela Primaria Justo Sierra T.V., recit\u00f3 la poes\u00eda \u201cMaestrito de Pueblo\u201d, exaltando la vocaci\u00f3n y entrega de los educadores.<br>El programa art\u00edstico estuvo a cargo del alumno Jos\u00e9 Rodolfo L\u00f3pez, de segundo grado de la Secundaria Melquiades Campos, quien interpret\u00f3 con gran entusiasmo los temas rancheros \u201cSi nos dejan\u201d, \u201cEl aventurero\u201d y \u201cYo no fui\u201d. Por su parte, el Grupo de Danza Folcl\u00f3rica del Instituto Tecnol\u00f3gico de la Laguna ofreci\u00f3 un colorido cuadro danc\u00edstico del estado de Nuevo Le\u00f3n.<\/p>\n\n\n\n<p>Para culminar la ceremonia, se coloc\u00f3 una ofrenda floral al pie del monumento al maestro y se realiz\u00f3 una guardia de honor en se\u00f1al de respeto y gratitud por la labor incansable de quienes dedican su vida a la ense\u00f1anza.<\/p>\n","protected":false},"excerpt":{"rendered":"<p>En el marco del D\u00eda del Maestro, la Direcci\u00f3n de Educaci\u00f3n Municipal llev\u00f3 a cabo una emotiva ceremonia este jueves 15 de mayo en el Parque Victoria, justo frente al monumento en honor al maestro, para rendir homenaje a las y los docentes que con esfuerzo y vocaci\u00f3n forjan el futuro de la sociedad. En [&hellip;]<\/p>\n","protected":false},"author":1,"featured_media":20219,"comment_status":"open","ping_status":"open","sticky":false,"template":"","format":"standard","meta":{"_monsterinsights_skip_tracking":false,"_monsterinsights_sitenote_active":false,"_monsterinsights_sitenote_note":"","_monsterinsights_sitenote_category":0,"footnotes":""},"categories":[1],"tags":[],"_links":{"self":[{"href":"https:\/\/zonalimitrofe-cbnr.com\/index.php\/wp-json\/wp\/v2\/posts\/20218"}],"collection":[{"href":"https:\/\/zonalimitrofe-cbnr.com\/index.php\/wp-json\/wp\/v2\/posts"}],"about":[{"href":"https:\/\/zonalimitrofe-cbnr.com\/index.php\/wp-json\/wp\/v2\/types\/post"}],"author":[{"embeddable":true,"href":"https:\/\/zonalimitrofe-cbnr.com\/index.php\/wp-json\/wp\/v2\/users\/1"}],"replies":[{"embeddable":true,"href":"https:\/\/zonalimitrofe-cbnr.com\/index.php\/wp-json\/wp\/v2\/comments?post=20218"}],"version-history":[{"count":1,"href":"https:\/\/zonalimitrofe-cbnr.com\/index.php\/wp-json\/wp\/v2\/posts\/20218\/revisions"}],"predecessor-version":[{"id":20220,"href":"https:\/\/zonalimitrofe-cbnr.com\/index.php\/wp-json\/wp\/v2\/posts\/20218\/revisions\/20220"}],"wp:featuredmedia":[{"embeddable":true,"href":"https:\/\/zonalimitrofe-cbnr.com\/index.php\/wp-json\/wp\/v2\/media\/20219"}],"wp:attachment":[{"href":"https:\/\/zonalimitrofe-cbnr.com\/index.php\/wp-json\/wp\/v2\/media?parent=20218"}],"wp:term":[{"taxonomy":"category","embeddable":true,"href":"https:\/\/zonalimitrofe-cbnr.com\/index.php\/wp-json\/wp\/v2\/categories?post=20218"},{"taxonomy":"post_tag","embeddable":true,"href":"https:\/\/zonalimitrofe-cbnr.com\/index.php\/wp-json\/wp\/v2\/tags?post=20218"}],"curies":[{"name":"wp","href":"https:\/\/api.w.org\/{rel}","templated":true}]}}