{"id":20169,"date":"2025-05-14T17:18:20","date_gmt":"2025-05-14T23:18:20","guid":{"rendered":"https:\/\/zonalimitrofe-cbnr.com\/?p=20169"},"modified":"2025-05-14T17:18:20","modified_gmt":"2025-05-14T23:18:20","slug":"campanasdurango-panistas-de-lerdo-manifiestan-el-apoyo-y-respaldo-a-susy-torrecillas","status":"publish","type":"post","link":"https:\/\/zonalimitrofe-cbnr.com\/index.php\/2025\/05\/14\/campanasdurango-panistas-de-lerdo-manifiestan-el-apoyo-y-respaldo-a-susy-torrecillas\/","title":{"rendered":"#Campa\u00f1asDurango. Panistas de Lerdo manifiestan el apoyo y respaldo a Susy Torrecillas"},"content":{"rendered":"\n<p>En un encuentro con 750 panistas reafirmaron la unidad y trabajo para lograr el triunfo del proceso electoral<\/p>\n\n\n\n<p>Lerdo, Dgo.- Tanto la dirigencia nacional, as\u00ed como la estatal y la municipal del Partido Acci\u00f3n Nacional le reiteraron su total respaldo y apoyo a Susy Torrecillas, candidata a alcaldesa de la \u201cUnidad y Grandeza\u201d, adem\u00e1s de estar promoviendo y generando los votos que le permitan el triunfo el pr\u00f3ximo primero de junio.<\/p>\n\n\n\n<p>Incluso, destacaron el trabajo realizado por la aspirante durante la presente campa\u00f1a pol\u00edtica; de ah\u00ed que con la labor en unidad y coordinaci\u00f3n los resultados ser\u00e1n positivos para adjudicarse la jornada electoral constitucional.<\/p>\n\n\n\n<p>En este importante encuentro con la candidata, se cont\u00f3 con el diputado federal Marcelo Torres Cofi\u00f1o, delegado del Comit\u00e9 Ejecutivo Nacional asignado al estado de Durango, as\u00ed como con la secretaria general estatal Sof\u00eda Dur\u00e1n Rodarte, Roberto Favela, l\u00edder del PAN en Lerdo y reconocidos panistas de este municipio.<\/p>\n\n\n\n<p>Como es conocimiento p\u00fablico, Susy Torrecillas es la candidata de la alianza en com\u00fan PRI-PAN, de ah\u00ed que le reiteraron todo el respaldo por ser la mejor aspirante para lograr el triunfo de la contienda electoral del pr\u00f3ximo primero de junio, a fin de que a Lerdo le siga yendo bien en su desarrollo econ\u00f3mico y urbano.<\/p>\n\n\n\n<p>Por su parte la abandera Susy Torrecillas les dio a conocer a detalle el proyecto del \u201cBorr\u00f3n y cuenta nueva\u201d, el cual consiste en cero deuda para los usuarios de agua potable, as\u00ed como para los contribuyentes del impuesto Predial y en las licencias de funcionamiento.<\/p>\n\n\n\n<p>Otro de las compromisos de la abanderada, es continuar gestionando ante el gobierno federal la puesta en marcha de la obra de construcci\u00f3n del proyecto del Hospital de Especialidades del Seguro Social, el cual ya est\u00e1 autorizado para favorecer a unos 80 mil derechohabientes.<\/p>\n\n\n\n<p>Finalmente, Susy Torrecillas agradeci\u00f3 el apoyo y respaldado de los militantes y familias panistas de Lerdo, de quienes destac\u00f3 la unidad y la suma al proyecto de gobierno incluyente que habr\u00e1 de aplicarse a partir del primero de septiembre pr\u00f3ximo.<\/p>\n","protected":false},"excerpt":{"rendered":"<p>En un encuentro con 750 panistas reafirmaron la unidad y trabajo para lograr el triunfo del proceso electoral Lerdo, Dgo.- Tanto la dirigencia nacional, as\u00ed como la estatal y la municipal del Partido Acci\u00f3n Nacional le reiteraron su total respaldo y apoyo a Susy Torrecillas, candidata a alcaldesa de la \u201cUnidad y Grandeza\u201d, adem\u00e1s de [&hellip;]<\/p>\n","protected":false},"author":1,"featured_media":20170,"comment_status":"open","ping_status":"open","sticky":false,"template":"","format":"standard","meta":{"_monsterinsights_skip_tracking":false,"_monsterinsights_sitenote_active":false,"_monsterinsights_sitenote_note":"","_monsterinsights_sitenote_category":0,"footnotes":""},"categories":[1],"tags":[],"_links":{"self":[{"href":"https:\/\/zonalimitrofe-cbnr.com\/index.php\/wp-json\/wp\/v2\/posts\/20169"}],"collection":[{"href":"https:\/\/zonalimitrofe-cbnr.com\/index.php\/wp-json\/wp\/v2\/posts"}],"about":[{"href":"https:\/\/zonalimitrofe-cbnr.com\/index.php\/wp-json\/wp\/v2\/types\/post"}],"author":[{"embeddable":true,"href":"https:\/\/zonalimitrofe-cbnr.com\/index.php\/wp-json\/wp\/v2\/users\/1"}],"replies":[{"embeddable":true,"href":"https:\/\/zonalimitrofe-cbnr.com\/index.php\/wp-json\/wp\/v2\/comments?post=20169"}],"version-history":[{"count":1,"href":"https:\/\/zonalimitrofe-cbnr.com\/index.php\/wp-json\/wp\/v2\/posts\/20169\/revisions"}],"predecessor-version":[{"id":20171,"href":"https:\/\/zonalimitrofe-cbnr.com\/index.php\/wp-json\/wp\/v2\/posts\/20169\/revisions\/20171"}],"wp:featuredmedia":[{"embeddable":true,"href":"https:\/\/zonalimitrofe-cbnr.com\/index.php\/wp-json\/wp\/v2\/media\/20170"}],"wp:attachment":[{"href":"https:\/\/zonalimitrofe-cbnr.com\/index.php\/wp-json\/wp\/v2\/media?parent=20169"}],"wp:term":[{"taxonomy":"category","embeddable":true,"href":"https:\/\/zonalimitrofe-cbnr.com\/index.php\/wp-json\/wp\/v2\/categories?post=20169"},{"taxonomy":"post_tag","embeddable":true,"href":"https:\/\/zonalimitrofe-cbnr.com\/index.php\/wp-json\/wp\/v2\/tags?post=20169"}],"curies":[{"name":"wp","href":"https:\/\/api.w.org\/{rel}","templated":true}]}}