{"id":20157,"date":"2025-05-14T17:03:50","date_gmt":"2025-05-14T23:03:50","guid":{"rendered":"https:\/\/zonalimitrofe-cbnr.com\/?p=20157"},"modified":"2025-05-14T17:03:50","modified_gmt":"2025-05-14T23:03:50","slug":"durango-esteban-villegas-presenta-cartelera-y-actividades-de-la-feria-nacional-francisco-villa-2025-la-villista-2025-espectaculos-gratuitos-tradicion-ganadera-y-cultura-popular","status":"publish","type":"post","link":"https:\/\/zonalimitrofe-cbnr.com\/index.php\/2025\/05\/14\/durango-esteban-villegas-presenta-cartelera-y-actividades-de-la-feria-nacional-francisco-villa-2025-la-villista-2025-espectaculos-gratuitos-tradicion-ganadera-y-cultura-popular\/","title":{"rendered":"#durango. Esteban Villegas presenta cartelera y actividades de la Feria Nacional Francisco Villa 2025 \u201cLa Villista 2025\u201d: espect\u00e1culos gratuitos, tradici\u00f3n ganadera y cultura popular.*"},"content":{"rendered":"\n<p><br>Del 18 de julio al 3 de agosto, Durango vivir\u00e1 la edici\u00f3n 2025 de la Feria Nacional Francisco Villa con una cartelera art\u00edstica de talla internacional y una amplia gama de actividades culturales, deportivas, ganaderas y familiares. El gobernador Esteban Villegas Villarreal present\u00f3 el programa oficial en el que destac\u00f3 la diversidad de eventos gratuitos que buscan fortalecer la identidad regional y ofrecer espacios de convivencia para todos los sectores.<\/p>\n\n\n\n<p>Esteban Villegas Villarreal, Gobernador. \u201cOigan, les tengo una gran noticia, la cartelera de nuestra Feria Nacional Francisco Villa \u201cLa Villista\u201d, nom\u00e1s para que se den una idea de los artistas que vamos a traer\u201d.<br>\u201cLes dejo aqu\u00ed la cartelera completa para que vean todos los artistas, tanto en la Velaria, en el Palenque y los distintos espect\u00e1culos que vamos a tener para todos ustedes y la mayor\u00eda de ellos completamente gratis, esta es la Feria Villista, La Villista 2025\u201d.<\/p>\n\n\n\n<p><em>CARTELERA ART\u00cdSTICA: VELARIA Y EXPLANADA<\/em><\/p>\n\n\n\n<ul>\n<li>18 de julio: Morat \u2013 Explanada de la Feria<\/li>\n\n\n\n<li>19 de julio: Grupo Firme \u2013 Estacionamiento 2<\/li>\n\n\n\n<li>20 de julio: Natalia Jim\u00e9nez \u2013 Velaria<\/li>\n\n\n\n<li>21 de julio: Marcos Witt \u2013 Velaria<\/li>\n\n\n\n<li>22 de julio: Teo Gonz\u00e1lez \u2013 Velaria<\/li>\n\n\n\n<li>23 de julio: Gran baile en la Explanada de los Grandes con Tropical\u00edsimo Apache, Los Rieleros, Banda R-15 y Caballo Dorado<\/li>\n\n\n\n<li>24 de julio: Los Tucanes de Tijuana \u2013 Velaria<\/li>\n\n\n\n<li>25 de julio: Molotov \u2013 Velaria<\/li>\n\n\n\n<li>26 de julio: Alem\u00e1n \u2013 Velaria<\/li>\n\n\n\n<li>27 de julio: Reik \u2013 Velaria<\/li>\n\n\n\n<li>28 de julio: Lat\u00edn Mafia \u2013 Velaria<\/li>\n\n\n\n<li>29 de julio: Bely y Beto \u2013 Velaria<\/li>\n\n\n\n<li>30 de julio: DJ Inmita Palmera y Quino Garc\u00eda \u2013 Velaria<\/li>\n\n\n\n<li>31 de julio: Luis \u00c1ngel \u201cEl Flaco\u201d \u2013 Velaria<\/li>\n\n\n\n<li>1 de agosto: Gabito Ballesteros \u2013 Velaria<\/li>\n\n\n\n<li>2 de agosto: Icons of Classic Rock \u2013 Velaria<\/li>\n\n\n\n<li>3 de agosto: Pepe Aguilar \u2013 Velaria (cierre)<\/li>\n<\/ul>\n\n\n\n<p><em>PALENQUE:<\/em><\/p>\n\n\n\n<ul>\n<li>18 de julio: Marca Registrada<\/li>\n\n\n\n<li>19 de julio: El Coyote y Julio Preciado<\/li>\n\n\n\n<li>20 de julio: Pancho Barraza<\/li>\n\n\n\n<li>24 de julio: Mar\u00eda Jos\u00e9<\/li>\n\n\n\n<li>25 de julio: Edici\u00f3n Especial<\/li>\n\n\n\n<li>26 de julio: Luis R. Conriquez<\/li>\n\n\n\n<li>27 de julio: Hermanos Vega Jr, Leandro R\u00edos, Ra\u00fal Hern\u00e1ndez Jr y Canelos Jrs<\/li>\n\n\n\n<li>1 de agosto: Los Din\u00e1micos Jr y Los Canelos de Durango<\/li>\n\n\n\n<li>2 de agosto: Ed\u00e9n Mu\u00f1oz<\/li>\n<\/ul>\n\n\n\n<p><em>ACTIVIDADES ALTERNAS:<\/em><\/p>\n\n\n\n<ul>\n<li>Del 18 de julio al 3 de agosto: Exhibici\u00f3n de ganado con participaci\u00f3n de ranchos de todo el pa\u00eds y razas puras de ganaderos locales.<\/li>\n\n\n\n<li>18 de julio: Torneo Campeones de la Ciudad en el Lienzo Charro, con disciplinas como boxeo, judo, taekwondo, MMA y karate.<\/li>\n\n\n\n<li>20 de julio: Cabalgata Villista, cerrando con presentaci\u00f3n de Marcos Flores y la Banda Jerez.<\/li>\n\n\n\n<li>24 de julio: Exhibici\u00f3n de caballos Domecq en el Lienzo Charro.<\/li>\n\n\n\n<li>26 de julio: Subasta Ganadera en beneficio del DIF Estatal.<\/li>\n\n\n\n<li>27 de julio: Medio Marat\u00f3n Villista.<\/li>\n\n\n\n<li>2 y 3 de agosto: Tercer Torneo Charro Millonario &#8220;General Francisco Villa 2025&#8221;.<\/li>\n<\/ul>\n\n\n\n<p><em>PUNTOS OFICIALES DE VENTA DE BOLETOS<\/em><br>El Gobierno del Estado hace un llamado a adquirir entradas \u00fanicamente a trav\u00e9s de plataformas oficiales, para evitar fraudes o sobreprecios. Estas son las fechas y sitios autorizados:<\/p>\n\n\n\n<ul>\n<li><em>Morat<\/em><br>Boletos disponibles a partir del <em>19 de mayo<\/em> en:<br><a href=\"https:\/\/boletea.com\">https:\/\/boletea.com<\/a><\/li>\n\n\n\n<li><em>Grupo Firme<\/em><br>Boletos <em>ya disponibles<\/em> en:<br><a href=\"https:\/\/funticket.mx\">https:\/\/funticket.mx<\/a><\/li>\n\n\n\n<li><em>Velaria (resto de artistas)<\/em><br>Disponibles a partir del <em>15 de mayo<\/em> en:<br><a href=\"https:\/\/www.ticketstar.com.mx\">https:\/\/www.ticketstar.com.mx<\/a><\/li>\n\n\n\n<li><em>Palenque<\/em><br>Venta en l\u00ednea a partir del <em>14 de mayo a las 4:00 p.m.<\/em> en:<br><a href=\"https:\/\/taquilla1.com\">https:\/\/taquilla1.com<\/a><br>Venta f\u00edsica a partir del <em>15 de mayo a las 4:00 p.m.<\/em> en:<\/li>\n\n\n\n<li>Durango Western (20 de Noviembre)<\/li>\n\n\n\n<li>Livos Boutique (Carretera al Mezquital)<\/li>\n\n\n\n<li>Paseo Durango<\/li>\n<\/ul>\n\n\n\n<p><br>La Feria Villista no solo se consolida como un espacio para el entretenimiento, sino tambi\u00e9n como plataforma para promover el deporte, la cultura charra, la ganader\u00eda de alto nivel y la cohesi\u00f3n social. La organizaci\u00f3n espera una asistencia r\u00e9cord y una derrama econ\u00f3mica significativa para Durango y su regi\u00f3n.<\/p>\n","protected":false},"excerpt":{"rendered":"<p>Del 18 de julio al 3 de agosto, Durango vivir\u00e1 la edici\u00f3n 2025 de la Feria Nacional Francisco Villa con una cartelera art\u00edstica de talla internacional y una amplia gama de actividades culturales, deportivas, ganaderas y familiares. El gobernador Esteban Villegas Villarreal present\u00f3 el programa oficial en el que destac\u00f3 la diversidad de eventos gratuitos [&hellip;]<\/p>\n","protected":false},"author":1,"featured_media":20158,"comment_status":"open","ping_status":"open","sticky":false,"template":"","format":"standard","meta":{"_monsterinsights_skip_tracking":false,"_monsterinsights_sitenote_active":false,"_monsterinsights_sitenote_note":"","_monsterinsights_sitenote_category":0,"footnotes":""},"categories":[1],"tags":[],"_links":{"self":[{"href":"https:\/\/zonalimitrofe-cbnr.com\/index.php\/wp-json\/wp\/v2\/posts\/20157"}],"collection":[{"href":"https:\/\/zonalimitrofe-cbnr.com\/index.php\/wp-json\/wp\/v2\/posts"}],"about":[{"href":"https:\/\/zonalimitrofe-cbnr.com\/index.php\/wp-json\/wp\/v2\/types\/post"}],"author":[{"embeddable":true,"href":"https:\/\/zonalimitrofe-cbnr.com\/index.php\/wp-json\/wp\/v2\/users\/1"}],"replies":[{"embeddable":true,"href":"https:\/\/zonalimitrofe-cbnr.com\/index.php\/wp-json\/wp\/v2\/comments?post=20157"}],"version-history":[{"count":1,"href":"https:\/\/zonalimitrofe-cbnr.com\/index.php\/wp-json\/wp\/v2\/posts\/20157\/revisions"}],"predecessor-version":[{"id":20159,"href":"https:\/\/zonalimitrofe-cbnr.com\/index.php\/wp-json\/wp\/v2\/posts\/20157\/revisions\/20159"}],"wp:featuredmedia":[{"embeddable":true,"href":"https:\/\/zonalimitrofe-cbnr.com\/index.php\/wp-json\/wp\/v2\/media\/20158"}],"wp:attachment":[{"href":"https:\/\/zonalimitrofe-cbnr.com\/index.php\/wp-json\/wp\/v2\/media?parent=20157"}],"wp:term":[{"taxonomy":"category","embeddable":true,"href":"https:\/\/zonalimitrofe-cbnr.com\/index.php\/wp-json\/wp\/v2\/categories?post=20157"},{"taxonomy":"post_tag","embeddable":true,"href":"https:\/\/zonalimitrofe-cbnr.com\/index.php\/wp-json\/wp\/v2\/tags?post=20157"}],"curies":[{"name":"wp","href":"https:\/\/api.w.org\/{rel}","templated":true}]}}