{"id":20139,"date":"2025-05-13T17:02:27","date_gmt":"2025-05-13T23:02:27","guid":{"rendered":"https:\/\/zonalimitrofe-cbnr.com\/?p=20139"},"modified":"2025-05-13T17:02:28","modified_gmt":"2025-05-13T23:02:28","slug":"torreon-invitan-al-primer-festival-biker-la-lagunera-2025","status":"publish","type":"post","link":"https:\/\/zonalimitrofe-cbnr.com\/index.php\/2025\/05\/13\/torreon-invitan-al-primer-festival-biker-la-lagunera-2025\/","title":{"rendered":"#Torre\u00f3n. Invitan al primer festival biker \u201cLa Lagunera 2025\u201d"},"content":{"rendered":"\n<p><strong>Torre\u00f3n, Coahuila. A 13 de mayo de 2025.-<\/strong> La Administraci\u00f3n Municipal, a trav\u00e9s de La Direcci\u00f3n de Vialidad y Movilidad Urbana en conjunto con la Direcci\u00f3n de Turismo de Torre\u00f3n, invita a la ciudadan\u00eda en general a participar en el primer festival biker \u201cLa Lagunera 2025\u201d, que se llevar\u00e1 a cabo del 23 al 25 de mayo. El evento contar\u00e1 con un amplio programa de actividades para motociclistas y p\u00fablico en general, destacando la presentaci\u00f3n de la banda de rock \u201cEl Tri\u201d, el s\u00e1bado 24 de mayo, en las instalaciones de la Feria de Torre\u00f3n. Natalia Hoyos Guerrero, directora de Turismo, se\u00f1al\u00f3 que este tipo de festivales buscan impulsar el consumo local y fortalecer la econom\u00eda del municipio mediante la atracci\u00f3n de visitantes de otras ciudades. \u201cSer\u00e1 un ambiente de sana diversi\u00f3n, pues invita al esparcimiento y la recreaci\u00f3n, y adem\u00e1s apoya al consumo en los restaurantes y establecimientos ubicados en el per\u00edmetro del evento\u201d, mencion\u00f3. Adem\u00e1s, resalt\u00f3 que esta es una oportunidad para difundir la identidad de Torre\u00f3n a trav\u00e9s de una jornada sobre ruedas, en la que los motociclistas podr\u00e1n realizar recorridos por diversos puntos del municipio conocidos por su cultura, historia y calidez. Por su parte, Luis Alberto Morales Cort\u00e9s, director general de Vialidad y Movilidad Urbana, dijo que se implementar\u00e1 una log\u00edstica especial en coordinaci\u00f3n con distintas corporaciones policiacas, con el objetivo de garantizar una fiesta segura para todos los asistentes. El programa comenzar\u00e1 el viernes 23 de mayo a las 19:00 horas con la actividad \u201cRompe Hielos\u201d en el Distrito Col\u00f3n, donde tres bandas locales animar\u00e1n la bienvenida a los motociclistas for\u00e1neos y al p\u00fablico lagunero. La jornada incluir\u00e1 adem\u00e1s un recorrido por los bares y restaurantes participantes. El s\u00e1bado, continuar\u00e1 con la presentaci\u00f3n de \u201cEl Tri\u201d, para finalmente, el domingo 25 de mayo celebrar la tradicional bendici\u00f3n de cascos en el emblem\u00e1tico Santuario Cristo de las Noas, dando cierre a un fin de semana lleno de m\u00fasica, cultura y convivencia. Se espera la participaci\u00f3n de m\u00e1s de mil motociclistas for\u00e1neos, y entre 3 a 4 mil locales. Los boletos podr\u00e1n ser adquiridos en Kustomotors Caf\u00e9 Garage o dentro de la plataforma de boletea. Lo anterior fue presentado en la rueda de prensa este d\u00eda, con la participaci\u00f3n adem\u00e1s de Jos\u00e9 Luis Mart\u00ednez, Presidente del Moto Club Mariachis; Tadeo Guti\u00e9rrez y Carlos Martell, de la Lagunera 2025; el secretario de la C\u00e1mara Nacional de la Industria de Restaurantes y Alimentos Condimentados (CANIRAC), Hassan Hamdan, en representaci\u00f3n de Eduardo Nieto, presidente; por parte de Vialidad y Movilidad Urbana, el comandante Mario Alberto Garc\u00eda Campos; Silvia G\u00f3mez, motociclista y due\u00f1a de Kustomotors Caf\u00e9 Garage y V\u00edctor Manuel G\u00f3mez, rector del santuario Cristo de las Noas.<\/p>\n","protected":false},"excerpt":{"rendered":"<p>Torre\u00f3n, Coahuila. A 13 de mayo de 2025.- La Administraci\u00f3n Municipal, a trav\u00e9s de La Direcci\u00f3n de Vialidad y Movilidad Urbana en conjunto con la Direcci\u00f3n de Turismo de Torre\u00f3n, invita a la ciudadan\u00eda en general a participar en el primer festival biker \u201cLa Lagunera 2025\u201d, que se llevar\u00e1 a cabo del 23 al 25 [&hellip;]<\/p>\n","protected":false},"author":1,"featured_media":20140,"comment_status":"open","ping_status":"open","sticky":false,"template":"","format":"standard","meta":{"_monsterinsights_skip_tracking":false,"_monsterinsights_sitenote_active":false,"_monsterinsights_sitenote_note":"","_monsterinsights_sitenote_category":0,"footnotes":""},"categories":[1],"tags":[],"_links":{"self":[{"href":"https:\/\/zonalimitrofe-cbnr.com\/index.php\/wp-json\/wp\/v2\/posts\/20139"}],"collection":[{"href":"https:\/\/zonalimitrofe-cbnr.com\/index.php\/wp-json\/wp\/v2\/posts"}],"about":[{"href":"https:\/\/zonalimitrofe-cbnr.com\/index.php\/wp-json\/wp\/v2\/types\/post"}],"author":[{"embeddable":true,"href":"https:\/\/zonalimitrofe-cbnr.com\/index.php\/wp-json\/wp\/v2\/users\/1"}],"replies":[{"embeddable":true,"href":"https:\/\/zonalimitrofe-cbnr.com\/index.php\/wp-json\/wp\/v2\/comments?post=20139"}],"version-history":[{"count":1,"href":"https:\/\/zonalimitrofe-cbnr.com\/index.php\/wp-json\/wp\/v2\/posts\/20139\/revisions"}],"predecessor-version":[{"id":20141,"href":"https:\/\/zonalimitrofe-cbnr.com\/index.php\/wp-json\/wp\/v2\/posts\/20139\/revisions\/20141"}],"wp:featuredmedia":[{"embeddable":true,"href":"https:\/\/zonalimitrofe-cbnr.com\/index.php\/wp-json\/wp\/v2\/media\/20140"}],"wp:attachment":[{"href":"https:\/\/zonalimitrofe-cbnr.com\/index.php\/wp-json\/wp\/v2\/media?parent=20139"}],"wp:term":[{"taxonomy":"category","embeddable":true,"href":"https:\/\/zonalimitrofe-cbnr.com\/index.php\/wp-json\/wp\/v2\/categories?post=20139"},{"taxonomy":"post_tag","embeddable":true,"href":"https:\/\/zonalimitrofe-cbnr.com\/index.php\/wp-json\/wp\/v2\/tags?post=20139"}],"curies":[{"name":"wp","href":"https:\/\/api.w.org\/{rel}","templated":true}]}}