{"id":20081,"date":"2025-05-12T19:44:04","date_gmt":"2025-05-13T01:44:04","guid":{"rendered":"https:\/\/zonalimitrofe-cbnr.com\/?p=20081"},"modified":"2025-05-12T19:44:04","modified_gmt":"2025-05-13T01:44:04","slug":"uadec-inauguran-en-la-uadec-el-tercer-congreso-nacional-y-segundo-internacional-de-salud-educacion-y-medio-ambiente-ods-2030","status":"publish","type":"post","link":"https:\/\/zonalimitrofe-cbnr.com\/index.php\/2025\/05\/12\/uadec-inauguran-en-la-uadec-el-tercer-congreso-nacional-y-segundo-internacional-de-salud-educacion-y-medio-ambiente-ods-2030\/","title":{"rendered":"#UAdeC. Inauguran en la UAdeC el Tercer Congreso Nacional y Segundo Internacional de Salud, Educaci\u00f3n y Medio Ambiente ODS 2030"},"content":{"rendered":"\n<p>SALTILLO, Coahuila. 12 de mayo de 2025. En la Universidad Aut\u00f3noma de Coahuila, se inauguraron las actividades del \u201cTercer Congreso Nacional y Segundo Internacional de Salud, Educaci\u00f3n y Medio Ambiente: ODS 2030\u201d, que se imparte de manera presencial y virtual, desde la Infoteca del Campus Arteaga los d\u00edas 12 y 13 de mayo de 2024 y en transmisi\u00f3n por Facebook Live de la UAdeC.<\/p>\n\n\n\n<p>Este Congreso tiene el objetivo de analizar la situaci\u00f3n global en materia de sustentabilidad, desde la perspectiva universitaria, para realizar propuestas de acciones responsables desde lo local, contribuyendo a la concientizaci\u00f3n en el tema entre los estudiantes universitarios.<\/p>\n\n\n\n<p>Por lo que se incluyeron la realizaci\u00f3n de tres talleres durante el mes de marzo para estudiantes, docentes y p\u00fablico en general sobre los Objetivos de Desarrollo Sostenible (ODS) tres, cuatro y once para alcanzar la sustentabilidad y reducir el cambio clim\u00e1tico, los riesgos de desastre, as\u00ed como para atacar las desigualdades.<\/p>\n\n\n\n<p>En la Sala Audiovisual de Infoteca Campus Arteaga, encabezaron el inicio de las actividades el rector de la UAdeC, Octavio Pimentel Mart\u00ednez, quien intervino de manera virtual; mientras que de forma presencial estuvieron el director de Investigaci\u00f3n y Posgrado, Luis Guti\u00e9rrez Flores; la coordinadora de Bachillerato de la UAdeC, Patricia Mart\u00ednez Mart\u00ednez; la subcoordinadora del programa de Ingl\u00e9s Institucional, Cecilia Quintana Salda\u00f1a, as\u00ed como directivos y alumnos de las diferentes Escuelas y Facultades de la Unidad Sureste de la UAdeC.<\/p>\n\n\n\n<p>En su mensaje de bienvenida, la coordinadora de Bachillerato de la UAdeC, Patricia Mart\u00ednez Mart\u00ednez, se\u00f1al\u00f3 que el evento visibiliza la contribuci\u00f3n de las comunidades universitarias mediante investigaciones cient\u00edficas con impacto local y global, por lo que el Congreso se desarrollar\u00e1 en torno a tres ejes interdependientes: salud, educaci\u00f3n y medio ambiente, con un enfoque transversal en derechos humanos, equidad de g\u00e9nero e inclusi\u00f3n.<\/p>\n\n\n\n<p>En su mensaje, el rector de la UAdeC, Octavio Pimentel Mart\u00ednez, dio la bienvenida a los asistentes nacionales e internacionales del congreso, pues la importancia de la Agenda 2030 y el desarrollo sostenible como ejes fundamentales del quehacer universitario son compromisos que deben traducirse en acciones concretas con la participaci\u00f3n de toda la comunidad universitaria.<\/p>\n\n\n\n<p>Dijo que la salud, la educaci\u00f3n y el medio ambiente no pueden tratarse por separado, ya que son pilares del bienestar social, por lo que exhort\u00f3 a los asistentes a aprovechar el encuentro para reflexionar, dialogar y comprometerse con soluciones claras y sostenibles para el futuro.<\/p>\n\n\n\n<p>Por su parte, el director de Investigaci\u00f3n y Posgrado, Luis Guti\u00e9rrez Flores, dijo que el evento representa una oportunidad valiosa para la comunidad universitaria y la sociedad en general, al fomentar el di\u00e1logo acad\u00e9mico en torno a los ODS de la<\/p>\n\n\n\n<p>Agenda 2030, por ello la relevancia y participaci\u00f3n de profesores locales, nacionales e internacionales, enriquecer\u00e1 el intercambio de ideas.<\/p>\n\n\n\n<p>En su intervenci\u00f3n, la subcoordinadora del programa de Ingl\u00e9s Institucional, Cecilia Quintana Salda\u00f1a, reconoci\u00f3 y aplaudi\u00f3 el esfuerzo y compromiso del equipo organizador del Congreso, destacando su dedicaci\u00f3n a temas clave como los Objetivos de Desarrollo Sostenible (ODS).<\/p>\n\n\n\n<p>Al tiempo que destac\u00f3 la importancia de involucrar a los estudiantes del nivel medio superior en estos temas globales, al asegurar que sembrar esta conciencia desde temprana edad contribuye a formar ciudadanos cr\u00edticos, emp\u00e1ticos y preparados para liderar el cambio.<\/p>\n\n\n\n<p>Posteriormente, se dio paso a la Conferencia Magistral &#8220;Econom\u00eda feminista y desarrollo sostenible: retos y oportunidades para las nuevas generaciones&#8221;, impartida por la Dra. Reyna Elizabeth Rodr\u00edguez P\u00e9rez, docente e investigadora de la Facultad de Econom\u00eda de la UAdeC, quien abord\u00f3 el desarrollo sostenible desde una perspectiva feminista, enfatizando la necesidad de armonizar el crecimiento econ\u00f3mico con la justicia social y la equidad de g\u00e9nero.<\/p>\n\n\n\n<p>Las actividades del Tercer Congreso Nacional y Segundo Internacional de Salud, Educaci\u00f3n y Medio Ambiente: ODS 2030\u201d, contin\u00faan el martes 13 de mayo de 2025 a las 9:00 horas con la Conferencia magistral &#8220;Construyendo tu futuro&#8221;, a cargo de la Dra. Karen \u00c1lvarez, responsable del Campus France Monterrey; para quienes deseen participar de manera virtual a trav\u00e9s de la plataforma Microsoft Teams son los siguientes c\u00f3digos: Id. de reuni\u00f3n: 216 443 490 638 5 y c\u00f3digo de acceso: QN2CV3Tc.<\/p>\n\n\n\n<p>Cabe se\u00f1alar que este Congreso es organizado por la Preparatoria N\u00famero Uno, el Instituto de Ense\u00f1anza Abierta (IDEA) y el Instituto de Ciencias y Humanidades (ICH) \u201cLic. Salvador Gonz\u00e1lez lobo\u201d en colaboraci\u00f3n con la Direcci\u00f3n de Investigaci\u00f3n y Posgrado, la Coordinaci\u00f3n de Relaciones Internacionales, la Coordinaci\u00f3n de Bachilleratos y la Coordinaci\u00f3n General de Extensi\u00f3n Universitaria de la UAdeC, mientras que a nivel internacional es con la participaci\u00f3n del Polit\u00e9cnico Grancolombiano, Universidad de Costa Rica, Universidad Cooperativa de Colombia y al Red MULTICAGI.<\/p>\n","protected":false},"excerpt":{"rendered":"<p>SALTILLO, Coahuila. 12 de mayo de 2025. En la Universidad Aut\u00f3noma de Coahuila, se inauguraron las actividades del \u201cTercer Congreso Nacional y Segundo Internacional de Salud, Educaci\u00f3n y Medio Ambiente: ODS 2030\u201d, que se imparte de manera presencial y virtual, desde la Infoteca del Campus Arteaga los d\u00edas 12 y 13 de mayo de 2024 [&hellip;]<\/p>\n","protected":false},"author":1,"featured_media":20082,"comment_status":"open","ping_status":"open","sticky":false,"template":"","format":"standard","meta":{"_monsterinsights_skip_tracking":false,"_monsterinsights_sitenote_active":false,"_monsterinsights_sitenote_note":"","_monsterinsights_sitenote_category":0,"footnotes":""},"categories":[1],"tags":[],"_links":{"self":[{"href":"https:\/\/zonalimitrofe-cbnr.com\/index.php\/wp-json\/wp\/v2\/posts\/20081"}],"collection":[{"href":"https:\/\/zonalimitrofe-cbnr.com\/index.php\/wp-json\/wp\/v2\/posts"}],"about":[{"href":"https:\/\/zonalimitrofe-cbnr.com\/index.php\/wp-json\/wp\/v2\/types\/post"}],"author":[{"embeddable":true,"href":"https:\/\/zonalimitrofe-cbnr.com\/index.php\/wp-json\/wp\/v2\/users\/1"}],"replies":[{"embeddable":true,"href":"https:\/\/zonalimitrofe-cbnr.com\/index.php\/wp-json\/wp\/v2\/comments?post=20081"}],"version-history":[{"count":1,"href":"https:\/\/zonalimitrofe-cbnr.com\/index.php\/wp-json\/wp\/v2\/posts\/20081\/revisions"}],"predecessor-version":[{"id":20083,"href":"https:\/\/zonalimitrofe-cbnr.com\/index.php\/wp-json\/wp\/v2\/posts\/20081\/revisions\/20083"}],"wp:featuredmedia":[{"embeddable":true,"href":"https:\/\/zonalimitrofe-cbnr.com\/index.php\/wp-json\/wp\/v2\/media\/20082"}],"wp:attachment":[{"href":"https:\/\/zonalimitrofe-cbnr.com\/index.php\/wp-json\/wp\/v2\/media?parent=20081"}],"wp:term":[{"taxonomy":"category","embeddable":true,"href":"https:\/\/zonalimitrofe-cbnr.com\/index.php\/wp-json\/wp\/v2\/categories?post=20081"},{"taxonomy":"post_tag","embeddable":true,"href":"https:\/\/zonalimitrofe-cbnr.com\/index.php\/wp-json\/wp\/v2\/tags?post=20081"}],"curies":[{"name":"wp","href":"https:\/\/api.w.org\/{rel}","templated":true}]}}