{"id":20078,"date":"2025-05-12T19:39:14","date_gmt":"2025-05-13T01:39:14","guid":{"rendered":"https:\/\/zonalimitrofe-cbnr.com\/?p=20078"},"modified":"2025-05-12T19:39:14","modified_gmt":"2025-05-13T01:39:14","slug":"torreon-dan-a-conocer-a-los-segundos-semifinalistas-del-concurso-yo-leo-tu-lees-todos-leemos-de-radio-torreon","status":"publish","type":"post","link":"https:\/\/zonalimitrofe-cbnr.com\/index.php\/2025\/05\/12\/torreon-dan-a-conocer-a-los-segundos-semifinalistas-del-concurso-yo-leo-tu-lees-todos-leemos-de-radio-torreon\/","title":{"rendered":"#Torre\u00f3n. Dan a conocer a los segundos semifinalistas del concurso \u201cYo leo, t\u00fa lees, todos leemos\u201d, de Radio Torre\u00f3n"},"content":{"rendered":"\n<p>Torre\u00f3n, Coahuila. A 12 de mayo de 2025<\/p>\n\n\n\n<p>Luego de otra intensa semana de participaci\u00f3n de parte de alumnos, alumnas y maestros de cuarto grado de primaria, han quedado definidos los segundos semifinalistas del primer concurso de lectura por radio \u201cYo Leo, T\u00fa Lees, Todos Leemos\u201d que se realiza por parte del Ayuntamiento de Torre\u00f3n, a trav\u00e9s de Radio Torre\u00f3n 96.3 FM, en conjunto con la Secretaria de Educaci\u00f3n en Coahuila y la coordinaci\u00f3n general de servicios educativos en La Laguna.<\/p>\n\n\n\n<p>El director general de Radio Torre\u00f3n, Armando Cobi\u00e1n Lafont, dijo que por instrucciones del alcalde Rom\u00e1n Alberto Cepeda Gonz\u00e1lez, se dio paso a la realizaci\u00f3n de este primer concurso de lectura por radio, donde se involucra a poco m\u00e1s de 300 escuelas p\u00fablicas del municipio, de las cuales surgir\u00e1n sus representantes para las categor\u00edas de tercero a sexto de primaria, y de primero a tercero de secundaria.<\/p>\n\n\n\n<p>Cobi\u00e1n Lafont se\u00f1al\u00f3 que con este segundo grupo de semifinalistas, ya son 20 ni\u00f1os y ni\u00f1as que se han ganado su lugar para estar en las semifinales a desarrollarse a partir del pr\u00f3ximo 9 de junio.<\/p>\n\n\n\n<p>Los peque\u00f1os que se han ganado su derecho a estar en la fase semifinal de cuarto grado de primaria son: Angeliq Garc\u00eda Medell\u00edn, de la Escuela Primaria Federal Braulio Fern\u00e1ndez Aguirre; Fernanda Nicole Zamora De Le\u00f3n, de la Primaria Espa\u00f1a; Ana Paula Cruz Guti\u00e9rrez, de la Escuela Primaria Federal Otilio E. Monta\u00f1o; Luis \u00c1ngel Rangel Rangel, de la Escuela Primaria Emancipaci\u00f3n Proletaria; e Iker Yahir Vielma Ruvalcaba, de la Escuela Primaria Gabino Barreda.<\/p>\n\n\n\n<p>Tambi\u00e9n est\u00e1n en la semifinal Brithany Yorleth Herrera Ch\u00e1vez, de la Escuela Primaria V\u00edctor M Vega; Magali Castro Due\u00f1ez, de la Escuela Primaria Presidente L\u00e1zaro C\u00e1rdenas del R\u00edo; Franco Hern\u00e1ndez Puentes, de la Escuela Primaria Vicente Vald\u00e9s Vald\u00e9s; Hugo Alexis Nava Angulo, de la Escuela Primaria Popular No 1; y Victoria Cortinas P\u00e9rez, de la Escuela Primaria 21 de marzo.<\/p>\n\n\n\n<p>Asimismo, el director invit\u00f3 a la poblaci\u00f3n a escuchar completamente en vivo el concurso de lectura por radio de lunes a viernes de 10:00 a 11:00 horas, por el 96.3 FM de Radio Torre\u00f3n, o a trav\u00e9s de la p\u00e1gina de Facebook Live Radio Torre\u00f3n 96.3 FM.<\/p>\n","protected":false},"excerpt":{"rendered":"<p>Torre\u00f3n, Coahuila. A 12 de mayo de 2025 Luego de otra intensa semana de participaci\u00f3n de parte de alumnos, alumnas y maestros de cuarto grado de primaria, han quedado definidos los segundos semifinalistas del primer concurso de lectura por radio \u201cYo Leo, T\u00fa Lees, Todos Leemos\u201d que se realiza por parte del Ayuntamiento de Torre\u00f3n, [&hellip;]<\/p>\n","protected":false},"author":1,"featured_media":20079,"comment_status":"open","ping_status":"open","sticky":false,"template":"","format":"standard","meta":{"_monsterinsights_skip_tracking":false,"_monsterinsights_sitenote_active":false,"_monsterinsights_sitenote_note":"","_monsterinsights_sitenote_category":0,"footnotes":""},"categories":[1],"tags":[],"_links":{"self":[{"href":"https:\/\/zonalimitrofe-cbnr.com\/index.php\/wp-json\/wp\/v2\/posts\/20078"}],"collection":[{"href":"https:\/\/zonalimitrofe-cbnr.com\/index.php\/wp-json\/wp\/v2\/posts"}],"about":[{"href":"https:\/\/zonalimitrofe-cbnr.com\/index.php\/wp-json\/wp\/v2\/types\/post"}],"author":[{"embeddable":true,"href":"https:\/\/zonalimitrofe-cbnr.com\/index.php\/wp-json\/wp\/v2\/users\/1"}],"replies":[{"embeddable":true,"href":"https:\/\/zonalimitrofe-cbnr.com\/index.php\/wp-json\/wp\/v2\/comments?post=20078"}],"version-history":[{"count":1,"href":"https:\/\/zonalimitrofe-cbnr.com\/index.php\/wp-json\/wp\/v2\/posts\/20078\/revisions"}],"predecessor-version":[{"id":20080,"href":"https:\/\/zonalimitrofe-cbnr.com\/index.php\/wp-json\/wp\/v2\/posts\/20078\/revisions\/20080"}],"wp:featuredmedia":[{"embeddable":true,"href":"https:\/\/zonalimitrofe-cbnr.com\/index.php\/wp-json\/wp\/v2\/media\/20079"}],"wp:attachment":[{"href":"https:\/\/zonalimitrofe-cbnr.com\/index.php\/wp-json\/wp\/v2\/media?parent=20078"}],"wp:term":[{"taxonomy":"category","embeddable":true,"href":"https:\/\/zonalimitrofe-cbnr.com\/index.php\/wp-json\/wp\/v2\/categories?post=20078"},{"taxonomy":"post_tag","embeddable":true,"href":"https:\/\/zonalimitrofe-cbnr.com\/index.php\/wp-json\/wp\/v2\/tags?post=20078"}],"curies":[{"name":"wp","href":"https:\/\/api.w.org\/{rel}","templated":true}]}}