{"id":20053,"date":"2025-05-12T18:18:17","date_gmt":"2025-05-13T00:18:17","guid":{"rendered":"https:\/\/zonalimitrofe-cbnr.com\/?p=20053"},"modified":"2025-05-12T18:18:17","modified_gmt":"2025-05-13T00:18:17","slug":"campanasdurango-susy-torrecillas-se-compromete-a-fortalecer-y-mejorar-el-sistema-de-salud-en-lerdo","status":"publish","type":"post","link":"https:\/\/zonalimitrofe-cbnr.com\/index.php\/2025\/05\/12\/campanasdurango-susy-torrecillas-se-compromete-a-fortalecer-y-mejorar-el-sistema-de-salud-en-lerdo\/","title":{"rendered":"#Campa\u00f1asDurango. Susy Torrecillas se compromete a fortalecer y mejorar el sistema de salud en Lerdo"},"content":{"rendered":"\n<p>Gestionar\u00e1 las acciones para la liberaci\u00f3n de recursos de la construcci\u00f3n del Hospital de Especialidades del Seguro Social<\/p>\n\n\n\n<p>Lerdo, Dgo.- Tras remarcar que la salud de los lerdenses es una de sus principales prioridades del proyecto de gobierno incluyente, Susy Torrecillas candidata a alcaldesa por la alianza \u201cUnidad y Grandeza\u201d hizo el compromiso de fortalecer el sistema en el municipio de Lerdo, adem\u00e1s de garantizar la atenci\u00f3n m\u00e9dica digna a fin de mejorar la calidad se vida de los lerdenses.<\/p>\n\n\n\n<p>Inclusive, la abanderada priista apunt\u00f3 que tambi\u00e9n se trabajar\u00e1 para generar m\u00e1s equipo adecuado y medicamentos suficientes para poder favorecer a las familias que carecen del servicio de seguridad social toda vez que se cumplir\u00e1 con una de las demandas que ha recibido durante estos 32 d\u00edas de campa\u00f1a pol\u00edtica.<\/p>\n\n\n\n<p>Al mismo tiempo, precis\u00f3<br>\u201cPorque cuando se invierte en salud, se mejora la calidad de vida de nuestras familias; por ello seguiremos construyendo un Lerdo donde la salud sea un derecho, no un privilegio de ah\u00ed que se har\u00e1 equipo con la presidenta de M\u00e9xico Claudia Sheinbaum y con el gobernador del estado, Estebana Villegas\u201d.<\/p>\n\n\n\n<p>Aunado a lo anterior, cit\u00f3 que en diferentes recorridos, la candidata a alcaldesa por el PRI y PAN, Susy Torrecillas ha dejado claro de hacer equipo y trabajar de la mano de la presidenta de la naci\u00f3n Claudia Sheinbaum para poder bajar los recursos que permitan iniciar cuanto antes la construcci\u00f3n del Hospital de Especialidades del Seguro Social en Lerdo, el cual favorecer\u00e1 a unos 80 mil derechohabientes.<\/p>\n\n\n\n<p>Por ello, la aspirante al tener la experiencia en el servicio p\u00fablico, as\u00ed como el conocimiento que le han dado 20 a\u00f1os en el servicio p\u00fablico, sabe la necesidad de mejorar la salud para favorecer a las familias tanto del medio urbano como rural de Lerdo.<\/p>\n\n\n\n<p>Finalmente, la aspirante sigue sumando m\u00e1s familias y adeptos a su plan de gobierno integral, en virtud de que es una candidata cercana con la gente, y sobre todo de una mujer de palabra y de resultados con los ciudadanos lerdenses tanto del medio urbano como rural.<\/p>\n","protected":false},"excerpt":{"rendered":"<p>Gestionar\u00e1 las acciones para la liberaci\u00f3n de recursos de la construcci\u00f3n del Hospital de Especialidades del Seguro Social Lerdo, Dgo.- Tras remarcar que la salud de los lerdenses es una de sus principales prioridades del proyecto de gobierno incluyente, Susy Torrecillas candidata a alcaldesa por la alianza \u201cUnidad y Grandeza\u201d hizo el compromiso de fortalecer [&hellip;]<\/p>\n","protected":false},"author":1,"featured_media":20054,"comment_status":"open","ping_status":"open","sticky":false,"template":"","format":"standard","meta":{"_monsterinsights_skip_tracking":false,"_monsterinsights_sitenote_active":false,"_monsterinsights_sitenote_note":"","_monsterinsights_sitenote_category":0,"footnotes":""},"categories":[1],"tags":[],"_links":{"self":[{"href":"https:\/\/zonalimitrofe-cbnr.com\/index.php\/wp-json\/wp\/v2\/posts\/20053"}],"collection":[{"href":"https:\/\/zonalimitrofe-cbnr.com\/index.php\/wp-json\/wp\/v2\/posts"}],"about":[{"href":"https:\/\/zonalimitrofe-cbnr.com\/index.php\/wp-json\/wp\/v2\/types\/post"}],"author":[{"embeddable":true,"href":"https:\/\/zonalimitrofe-cbnr.com\/index.php\/wp-json\/wp\/v2\/users\/1"}],"replies":[{"embeddable":true,"href":"https:\/\/zonalimitrofe-cbnr.com\/index.php\/wp-json\/wp\/v2\/comments?post=20053"}],"version-history":[{"count":1,"href":"https:\/\/zonalimitrofe-cbnr.com\/index.php\/wp-json\/wp\/v2\/posts\/20053\/revisions"}],"predecessor-version":[{"id":20055,"href":"https:\/\/zonalimitrofe-cbnr.com\/index.php\/wp-json\/wp\/v2\/posts\/20053\/revisions\/20055"}],"wp:featuredmedia":[{"embeddable":true,"href":"https:\/\/zonalimitrofe-cbnr.com\/index.php\/wp-json\/wp\/v2\/media\/20054"}],"wp:attachment":[{"href":"https:\/\/zonalimitrofe-cbnr.com\/index.php\/wp-json\/wp\/v2\/media?parent=20053"}],"wp:term":[{"taxonomy":"category","embeddable":true,"href":"https:\/\/zonalimitrofe-cbnr.com\/index.php\/wp-json\/wp\/v2\/categories?post=20053"},{"taxonomy":"post_tag","embeddable":true,"href":"https:\/\/zonalimitrofe-cbnr.com\/index.php\/wp-json\/wp\/v2\/tags?post=20053"}],"curies":[{"name":"wp","href":"https:\/\/api.w.org\/{rel}","templated":true}]}}