{"id":19997,"date":"2025-05-10T18:45:13","date_gmt":"2025-05-11T00:45:13","guid":{"rendered":"https:\/\/zonalimitrofe-cbnr.com\/?p=19997"},"modified":"2025-05-10T18:45:14","modified_gmt":"2025-05-11T00:45:14","slug":"torreon-amanece-la-plaza-mayor-totalmente-limpia-despues-de-la-celebracion-del-dia-de-la-madre-en-torreon","status":"publish","type":"post","link":"https:\/\/zonalimitrofe-cbnr.com\/index.php\/2025\/05\/10\/torreon-amanece-la-plaza-mayor-totalmente-limpia-despues-de-la-celebracion-del-dia-de-la-madre-en-torreon\/","title":{"rendered":"#Torre\u00f3n. Amanece la Plaza Mayor totalmente limpia despu\u00e9s de la celebraci\u00f3n del D\u00eda de la Madre en Torre\u00f3n"},"content":{"rendered":"\n<p>Torre\u00f3n, Coahuila a 10 de mayo del 2025<\/p>\n\n\n\n<p>Anoche, posterior al gran festejo del Dia de la Madre que ofreci\u00f3 la Administraci\u00f3n Municipal del alcalde Rom\u00e1n Alberto Cepeda Gonz\u00e1lez, en la Plaza Mayor de Torre\u00f3n, que cont\u00f3 con la presencia estelar de la cantante Edith M\u00e1rquez, el equipo de limpieza de Servicios P\u00fablicos Municipales, &#8220;La Ola&#8221;, despleg\u00f3 un intenso operativo para restaurar el espacio p\u00fablico.<\/p>\n\n\n\n<p>La celebraci\u00f3n que congreg\u00f3 a miles de familias torreonenses en un ambiente de alegr\u00eda y m\u00fasica gener\u00f3 una importante cantidad de residuos. Consciente de ello, personal de &#8220;La Ola&#8221; inici\u00f3 labores de recolecci\u00f3n y barrido en las calles aleda\u00f1as a la Plaza Mayor incluso durante el desarrollo del evento, garantizando una respuesta inmediata al concluir la festividad.<\/p>\n\n\n\n<p>Fernando Villarreal Cu\u00e9llar, dijo que al finalizar la celebraci\u00f3n, el arduo trabajo de los 250 elementos de &#8220;La Ola&#8221; permiti\u00f3 recolectar un total de 7.5 toneladas de basura.<\/p>\n\n\n\n<p>Para llevar a cabo estas tareas de barrido manual, papeleo y recolecci\u00f3n, se cont\u00f3 con 45 mega botes de basura estrat\u00e9gicamente ubicados y un cami\u00f3n de carga trasera para el traslado de los residuos.<\/p>\n\n\n\n<p>El Gobierno Municipal de Torre\u00f3n, a trav\u00e9s de la Direcci\u00f3n de Servicios P\u00fablicos, reitera su compromiso con el mantenimiento de espacios p\u00fablicos limpios y funcionales para el disfrute de todos los ciudadanos.<\/p>\n\n\n\n<p>Asimismo, el director manifest\u00f3 que el equipo de &#8220;La Ola se une a la celebraci\u00f3n del Dia de la Madre, esperando que todas las mam\u00e1s de Torre\u00f3n hayan disfrutado de una noche inolvidable en compa\u00f1\u00eda de sus seres queridos. \u201cEn nombre de todo el equipo de Servicios P\u00fablicos, les enviamos un afectuoso saludo y nuestro reconocimiento en este d\u00eda tan especial\u201d.<\/p>\n","protected":false},"excerpt":{"rendered":"<p>Torre\u00f3n, Coahuila a 10 de mayo del 2025 Anoche, posterior al gran festejo del Dia de la Madre que ofreci\u00f3 la Administraci\u00f3n Municipal del alcalde Rom\u00e1n Alberto Cepeda Gonz\u00e1lez, en la Plaza Mayor de Torre\u00f3n, que cont\u00f3 con la presencia estelar de la cantante Edith M\u00e1rquez, el equipo de limpieza de Servicios P\u00fablicos Municipales, &#8220;La [&hellip;]<\/p>\n","protected":false},"author":1,"featured_media":19998,"comment_status":"open","ping_status":"open","sticky":false,"template":"","format":"standard","meta":{"_monsterinsights_skip_tracking":false,"_monsterinsights_sitenote_active":false,"_monsterinsights_sitenote_note":"","_monsterinsights_sitenote_category":0,"footnotes":""},"categories":[1],"tags":[],"_links":{"self":[{"href":"https:\/\/zonalimitrofe-cbnr.com\/index.php\/wp-json\/wp\/v2\/posts\/19997"}],"collection":[{"href":"https:\/\/zonalimitrofe-cbnr.com\/index.php\/wp-json\/wp\/v2\/posts"}],"about":[{"href":"https:\/\/zonalimitrofe-cbnr.com\/index.php\/wp-json\/wp\/v2\/types\/post"}],"author":[{"embeddable":true,"href":"https:\/\/zonalimitrofe-cbnr.com\/index.php\/wp-json\/wp\/v2\/users\/1"}],"replies":[{"embeddable":true,"href":"https:\/\/zonalimitrofe-cbnr.com\/index.php\/wp-json\/wp\/v2\/comments?post=19997"}],"version-history":[{"count":1,"href":"https:\/\/zonalimitrofe-cbnr.com\/index.php\/wp-json\/wp\/v2\/posts\/19997\/revisions"}],"predecessor-version":[{"id":19999,"href":"https:\/\/zonalimitrofe-cbnr.com\/index.php\/wp-json\/wp\/v2\/posts\/19997\/revisions\/19999"}],"wp:featuredmedia":[{"embeddable":true,"href":"https:\/\/zonalimitrofe-cbnr.com\/index.php\/wp-json\/wp\/v2\/media\/19998"}],"wp:attachment":[{"href":"https:\/\/zonalimitrofe-cbnr.com\/index.php\/wp-json\/wp\/v2\/media?parent=19997"}],"wp:term":[{"taxonomy":"category","embeddable":true,"href":"https:\/\/zonalimitrofe-cbnr.com\/index.php\/wp-json\/wp\/v2\/categories?post=19997"},{"taxonomy":"post_tag","embeddable":true,"href":"https:\/\/zonalimitrofe-cbnr.com\/index.php\/wp-json\/wp\/v2\/tags?post=19997"}],"curies":[{"name":"wp","href":"https:\/\/api.w.org\/{rel}","templated":true}]}}