{"id":19942,"date":"2025-05-07T22:06:48","date_gmt":"2025-05-08T04:06:48","guid":{"rendered":"https:\/\/zonalimitrofe-cbnr.com\/?p=19942"},"modified":"2025-05-07T22:06:49","modified_gmt":"2025-05-08T04:06:49","slug":"lerdo-corporaciones-se-coordinan-para-operativo-del-dia-de-las-madres-en-lerdo","status":"publish","type":"post","link":"https:\/\/zonalimitrofe-cbnr.com\/index.php\/2025\/05\/07\/lerdo-corporaciones-se-coordinan-para-operativo-del-dia-de-las-madres-en-lerdo\/","title":{"rendered":"#Lerdo. Corporaciones se coordinan para operativo del D\u00eda de las Madres en Lerdo"},"content":{"rendered":"\n<p>Por instrucciones del Alcalde, Homero Mart\u00ednez Cabrera, las diferentes corporaciones operativas del municipio llevaron a cabo una mesa de di\u00e1logo con el objetivo de definir estrategias para garantizar un saldo blanco durante las celebraciones por el D\u00eda de las Madres.<\/p>\n\n\n\n<p>La reuni\u00f3n fue encabezada por las direcciones de Educaci\u00f3n, Arte y Cultura, quienes organizan estas actividades, en dicha mesa de trabajo se estableci\u00f3 el plan de acci\u00f3n para las actividades programadas del 8 al 9 de mayo.<\/p>\n\n\n\n<p>Qued\u00f3 establecido la presencia del servicio m\u00e9dico por parte de salud Municipal, se contar\u00e1 de forma permanente con Seguridad P\u00fablica, Protecci\u00f3n Civil y Bomberos, al igual que Tr\u00e1nsito y Vialidad.<\/p>\n\n\n\n<p>Se recomienda a los ciudadanos, asistir con ropa c\u00f3moda, considerar el cierre de la vialidad de paseo Sarabia desde el jueves por la tarde.<\/p>\n\n\n\n<p>El festejo iniciar\u00e1 este jueves 8 de mayo por la noche en el Paseo Sarabia, con una serenata a cargo de dos rondallas y una estudiantina, que se presentar\u00e1n frente a la Presidencia Municipal para deleitar al p\u00fablico asistente.<\/p>\n\n\n\n<p>El viernes 9 de mayo, las actividades comenzar\u00e1n desde las 9:00 de la ma\u00f1ana en el parque Victoria con una activaci\u00f3n f\u00edsica liderada por el grupo de Zumba Las Amazonas y el instructor Tommy Calandrelly. Tambi\u00e9n participar\u00e1 la Banda de M\u00fasica No. 2 del Estado interpretar\u00e1 Las Ma\u00f1anitas en honor a las madres lerdenses. Asimismo, participar\u00e1n el coro del Centro de Estudios y el grupo de danza folkl\u00f3rica del COBAED plantel 02 Lerdo.<\/p>\n\n\n\n<p>Finalmente, por la noche, a partir de las 20:00 horas, el Paseo Sarabia ser\u00e1 el escenario principal de la celebraci\u00f3n, con las presentaciones musicales de Durango Norte y Mi Barrio Colombiano, este \u00faltimo con la voz de Alicia Sifuentes, quienes pondr\u00e1n el ambiente para homenajear a todas las mam\u00e1s del municipio.<\/p>\n","protected":false},"excerpt":{"rendered":"<p>Por instrucciones del Alcalde, Homero Mart\u00ednez Cabrera, las diferentes corporaciones operativas del municipio llevaron a cabo una mesa de di\u00e1logo con el objetivo de definir estrategias para garantizar un saldo blanco durante las celebraciones por el D\u00eda de las Madres. La reuni\u00f3n fue encabezada por las direcciones de Educaci\u00f3n, Arte y Cultura, quienes organizan estas [&hellip;]<\/p>\n","protected":false},"author":1,"featured_media":19943,"comment_status":"open","ping_status":"open","sticky":false,"template":"","format":"standard","meta":{"_monsterinsights_skip_tracking":false,"_monsterinsights_sitenote_active":false,"_monsterinsights_sitenote_note":"","_monsterinsights_sitenote_category":0,"footnotes":""},"categories":[1],"tags":[],"_links":{"self":[{"href":"https:\/\/zonalimitrofe-cbnr.com\/index.php\/wp-json\/wp\/v2\/posts\/19942"}],"collection":[{"href":"https:\/\/zonalimitrofe-cbnr.com\/index.php\/wp-json\/wp\/v2\/posts"}],"about":[{"href":"https:\/\/zonalimitrofe-cbnr.com\/index.php\/wp-json\/wp\/v2\/types\/post"}],"author":[{"embeddable":true,"href":"https:\/\/zonalimitrofe-cbnr.com\/index.php\/wp-json\/wp\/v2\/users\/1"}],"replies":[{"embeddable":true,"href":"https:\/\/zonalimitrofe-cbnr.com\/index.php\/wp-json\/wp\/v2\/comments?post=19942"}],"version-history":[{"count":1,"href":"https:\/\/zonalimitrofe-cbnr.com\/index.php\/wp-json\/wp\/v2\/posts\/19942\/revisions"}],"predecessor-version":[{"id":19944,"href":"https:\/\/zonalimitrofe-cbnr.com\/index.php\/wp-json\/wp\/v2\/posts\/19942\/revisions\/19944"}],"wp:featuredmedia":[{"embeddable":true,"href":"https:\/\/zonalimitrofe-cbnr.com\/index.php\/wp-json\/wp\/v2\/media\/19943"}],"wp:attachment":[{"href":"https:\/\/zonalimitrofe-cbnr.com\/index.php\/wp-json\/wp\/v2\/media?parent=19942"}],"wp:term":[{"taxonomy":"category","embeddable":true,"href":"https:\/\/zonalimitrofe-cbnr.com\/index.php\/wp-json\/wp\/v2\/categories?post=19942"},{"taxonomy":"post_tag","embeddable":true,"href":"https:\/\/zonalimitrofe-cbnr.com\/index.php\/wp-json\/wp\/v2\/tags?post=19942"}],"curies":[{"name":"wp","href":"https:\/\/api.w.org\/{rel}","templated":true}]}}