{"id":19915,"date":"2025-05-07T21:07:42","date_gmt":"2025-05-08T03:07:42","guid":{"rendered":"https:\/\/zonalimitrofe-cbnr.com\/?p=19915"},"modified":"2025-05-07T21:07:42","modified_gmt":"2025-05-08T03:07:42","slug":"gp-municipio-de-gomez-palacio-invita-a-jovenes-a-realizar-practicas-profesionales-y-servicio-social","status":"publish","type":"post","link":"https:\/\/zonalimitrofe-cbnr.com\/index.php\/2025\/05\/07\/gp-municipio-de-gomez-palacio-invita-a-jovenes-a-realizar-practicas-profesionales-y-servicio-social\/","title":{"rendered":"#GP. Municipio de G\u00f3mez Palacio invita a j\u00f3venes a realizar pr\u00e1cticas profesionales y servicio social*"},"content":{"rendered":"\n<p>El Instituto Municipal de la Juventud (IMJ) de G\u00f3mez Palacio invita a los j\u00f3venes estudiantes de nivel preparatoria y universitarios a integrarse al programa de pr\u00e1cticas profesionales en diversas \u00e1reas administrativas del Municipio.<\/p>\n\n\n\n<p>Sof\u00eda Carriedo Garc\u00eda, titular del IMJ, inform\u00f3 que actualmente existen vacantes para practicantes en dependencias municipales como Patrimonio, Catastro y el Sistema Descentralizado de Agua Potable y Alcantarillado (SIDEAPA), entre otras.<\/p>\n\n\n\n<p>Estas pr\u00e1cticas representan una valiosa oportunidad para que los estudiantes fortalezcan sus habilidades y adquieran experiencia en el \u00e1mbito laboral p\u00fablico.<\/p>\n\n\n\n<p>El objetivo principal de esta iniciativa es complementar la formaci\u00f3n acad\u00e9mica de los j\u00f3venes, fomentar su compromiso social y contribuir a su desarrollo como ciudadanos responsables.<\/p>\n\n\n\n<p>De manera regular, el IMJ facilita espacios de colaboraci\u00f3n para estudiantes de instituciones p\u00fablicas y privadas que requieren cumplir con este requisito acad\u00e9mico como parte de su formaci\u00f3n profesional.<\/p>\n\n\n\n<p>Los interesados pueden acudir directamente a las oficinas del Instituto Municipal de la Juventud, ubicadas en calle Santiago Lav\u00edn #327, entre las avenidas Allende y Victoria, donde recibir\u00e1n mayor informaci\u00f3n sobre los requisitos y el proceso de incorporaci\u00f3n.<\/p>\n","protected":false},"excerpt":{"rendered":"<p>El Instituto Municipal de la Juventud (IMJ) de G\u00f3mez Palacio invita a los j\u00f3venes estudiantes de nivel preparatoria y universitarios a integrarse al programa de pr\u00e1cticas profesionales en diversas \u00e1reas administrativas del Municipio. Sof\u00eda Carriedo Garc\u00eda, titular del IMJ, inform\u00f3 que actualmente existen vacantes para practicantes en dependencias municipales como Patrimonio, Catastro y el Sistema [&hellip;]<\/p>\n","protected":false},"author":1,"featured_media":19916,"comment_status":"open","ping_status":"open","sticky":false,"template":"","format":"standard","meta":{"_monsterinsights_skip_tracking":false,"_monsterinsights_sitenote_active":false,"_monsterinsights_sitenote_note":"","_monsterinsights_sitenote_category":0,"footnotes":""},"categories":[1],"tags":[],"_links":{"self":[{"href":"https:\/\/zonalimitrofe-cbnr.com\/index.php\/wp-json\/wp\/v2\/posts\/19915"}],"collection":[{"href":"https:\/\/zonalimitrofe-cbnr.com\/index.php\/wp-json\/wp\/v2\/posts"}],"about":[{"href":"https:\/\/zonalimitrofe-cbnr.com\/index.php\/wp-json\/wp\/v2\/types\/post"}],"author":[{"embeddable":true,"href":"https:\/\/zonalimitrofe-cbnr.com\/index.php\/wp-json\/wp\/v2\/users\/1"}],"replies":[{"embeddable":true,"href":"https:\/\/zonalimitrofe-cbnr.com\/index.php\/wp-json\/wp\/v2\/comments?post=19915"}],"version-history":[{"count":1,"href":"https:\/\/zonalimitrofe-cbnr.com\/index.php\/wp-json\/wp\/v2\/posts\/19915\/revisions"}],"predecessor-version":[{"id":19917,"href":"https:\/\/zonalimitrofe-cbnr.com\/index.php\/wp-json\/wp\/v2\/posts\/19915\/revisions\/19917"}],"wp:featuredmedia":[{"embeddable":true,"href":"https:\/\/zonalimitrofe-cbnr.com\/index.php\/wp-json\/wp\/v2\/media\/19916"}],"wp:attachment":[{"href":"https:\/\/zonalimitrofe-cbnr.com\/index.php\/wp-json\/wp\/v2\/media?parent=19915"}],"wp:term":[{"taxonomy":"category","embeddable":true,"href":"https:\/\/zonalimitrofe-cbnr.com\/index.php\/wp-json\/wp\/v2\/categories?post=19915"},{"taxonomy":"post_tag","embeddable":true,"href":"https:\/\/zonalimitrofe-cbnr.com\/index.php\/wp-json\/wp\/v2\/tags?post=19915"}],"curies":[{"name":"wp","href":"https:\/\/api.w.org\/{rel}","templated":true}]}}