{"id":19903,"date":"2025-05-07T20:53:06","date_gmt":"2025-05-08T02:53:06","guid":{"rendered":"https:\/\/zonalimitrofe-cbnr.com\/?p=19903"},"modified":"2025-05-07T20:53:06","modified_gmt":"2025-05-08T02:53:06","slug":"lerdo-atiende-proteccion-civil-y-bomberos-de-lerdo-incendio-de-vehiculo","status":"publish","type":"post","link":"https:\/\/zonalimitrofe-cbnr.com\/index.php\/2025\/05\/07\/lerdo-atiende-proteccion-civil-y-bomberos-de-lerdo-incendio-de-vehiculo\/","title":{"rendered":"#Lerdo. Atiende Protecci\u00f3n Civil y Bomberos de Lerdo incendio de veh\u00edculo"},"content":{"rendered":"\n<p>La Coordinaci\u00f3n de Protecci\u00f3n Civil y Bomberos de Lerdo informa que durante la madrugada de este mi\u00e9rcoles 7 de mayo se atendi\u00f3 un incendio vehicular en la colonia 18 de Julio, tras un reporte recibido a trav\u00e9s del sistema de emergencias 911.<\/p>\n\n\n\n<p>El siniestro involucr\u00f3 a una camioneta RAM modelo 2025. De manera preliminar y especulativa, se presume que el incendio pudo haber sido provocado por un corto circuito.<\/p>\n\n\n\n<p>A la llegada del personal de bomberos, se realizaron las maniobras correspondientes para controlar y sofocar el fuego, logrando enfriar completamente el veh\u00edculo y evitar que el incendio se propagara. Una vez finalizado el servicio, se procedi\u00f3 al retiro sin novedad.<\/p>\n\n\n\n<p>La dependencia hace un llamado a la ciudadan\u00eda a extremar precauciones durante la temporada de calor, especialmente en lo que respecta al uso de unidades motorizadas. Se recomienda acudir con un especialista mec\u00e1nico para realizar revisiones peri\u00f3dicas del sistema el\u00e9ctrico, motor y niveles de temperatura, a fin de prevenir este tipo de incidentes.<\/p>\n","protected":false},"excerpt":{"rendered":"<p>La Coordinaci\u00f3n de Protecci\u00f3n Civil y Bomberos de Lerdo informa que durante la madrugada de este mi\u00e9rcoles 7 de mayo se atendi\u00f3 un incendio vehicular en la colonia 18 de Julio, tras un reporte recibido a trav\u00e9s del sistema de emergencias 911. El siniestro involucr\u00f3 a una camioneta RAM modelo 2025. De manera preliminar y [&hellip;]<\/p>\n","protected":false},"author":1,"featured_media":19904,"comment_status":"open","ping_status":"open","sticky":false,"template":"","format":"standard","meta":{"_monsterinsights_skip_tracking":false,"_monsterinsights_sitenote_active":false,"_monsterinsights_sitenote_note":"","_monsterinsights_sitenote_category":0,"footnotes":""},"categories":[1],"tags":[],"_links":{"self":[{"href":"https:\/\/zonalimitrofe-cbnr.com\/index.php\/wp-json\/wp\/v2\/posts\/19903"}],"collection":[{"href":"https:\/\/zonalimitrofe-cbnr.com\/index.php\/wp-json\/wp\/v2\/posts"}],"about":[{"href":"https:\/\/zonalimitrofe-cbnr.com\/index.php\/wp-json\/wp\/v2\/types\/post"}],"author":[{"embeddable":true,"href":"https:\/\/zonalimitrofe-cbnr.com\/index.php\/wp-json\/wp\/v2\/users\/1"}],"replies":[{"embeddable":true,"href":"https:\/\/zonalimitrofe-cbnr.com\/index.php\/wp-json\/wp\/v2\/comments?post=19903"}],"version-history":[{"count":1,"href":"https:\/\/zonalimitrofe-cbnr.com\/index.php\/wp-json\/wp\/v2\/posts\/19903\/revisions"}],"predecessor-version":[{"id":19905,"href":"https:\/\/zonalimitrofe-cbnr.com\/index.php\/wp-json\/wp\/v2\/posts\/19903\/revisions\/19905"}],"wp:featuredmedia":[{"embeddable":true,"href":"https:\/\/zonalimitrofe-cbnr.com\/index.php\/wp-json\/wp\/v2\/media\/19904"}],"wp:attachment":[{"href":"https:\/\/zonalimitrofe-cbnr.com\/index.php\/wp-json\/wp\/v2\/media?parent=19903"}],"wp:term":[{"taxonomy":"category","embeddable":true,"href":"https:\/\/zonalimitrofe-cbnr.com\/index.php\/wp-json\/wp\/v2\/categories?post=19903"},{"taxonomy":"post_tag","embeddable":true,"href":"https:\/\/zonalimitrofe-cbnr.com\/index.php\/wp-json\/wp\/v2\/tags?post=19903"}],"curies":[{"name":"wp","href":"https:\/\/api.w.org\/{rel}","templated":true}]}}