{"id":19897,"date":"2025-05-06T17:41:11","date_gmt":"2025-05-06T23:41:11","guid":{"rendered":"https:\/\/zonalimitrofe-cbnr.com\/?p=19897"},"modified":"2025-05-06T17:41:11","modified_gmt":"2025-05-06T23:41:11","slug":"lerdo-para-celebrar-el-dia-de-las-madres-amenizara-el-grupo-musical-mi-barrio-colombiano-en-la-plaza-principal-de-lerdo","status":"publish","type":"post","link":"https:\/\/zonalimitrofe-cbnr.com\/index.php\/2025\/05\/06\/lerdo-para-celebrar-el-dia-de-las-madres-amenizara-el-grupo-musical-mi-barrio-colombiano-en-la-plaza-principal-de-lerdo\/","title":{"rendered":"#Lerdo. Para celebrar el D\u00eda de las Madres, amenizar\u00e1 el grupo musical Mi Barrio Colombiano en la plaza principal de Lerdo."},"content":{"rendered":"\n<p>Iniciando el jueves 8 de mayo por la noche con una serenata, dos rondallas y una estudiantina en el Paseo Sarabia deleitar\u00e1n los o\u00eddos de los presentes, frente a la puerta de la Presidencia Municipal de Lerdo<\/p>\n\n\n\n<p>Mientras que, por la ma\u00f1ana del viernes, a partir de las 8:00 hrs, se dar\u00e1 inicio a la celebraci\u00f3n con el grupo de Zumba Las Amazonas y activaci\u00f3n f\u00edsica a cargo de Tommy Calandrelly, en el parque Victoria.<\/p>\n\n\n\n<p>Una hora despu\u00e9s, la Banda de M\u00fasica No. 2 del Estado entonar\u00e1 Las Ma\u00f1anitas, y se contar\u00e1 con la participaci\u00f3n del Centro de Estudios y el COBAED plantel 02 Lerdo, con el coro musical y el grupo de Danza folkl\u00f3rica, respectivamente.<\/p>\n\n\n\n<p>Por la tarde, a partir de las 20:00 hrs, en el Paseo Sarabia, frente a la plaza principal de Ciudad Lerdo, se contar\u00e1 con la imponente precencia de los grupos musicales \u2018Durango Norte\u2019 y, \u2018Mi Barrio Colombiano\u2019 con la voz de Alicia Sifuentes, festejando a todas las mam\u00e1s.<\/p>\n","protected":false},"excerpt":{"rendered":"<p>Iniciando el jueves 8 de mayo por la noche con una serenata, dos rondallas y una estudiantina en el Paseo Sarabia deleitar\u00e1n los o\u00eddos de los presentes, frente a la puerta de la Presidencia Municipal de Lerdo Mientras que, por la ma\u00f1ana del viernes, a partir de las 8:00 hrs, se dar\u00e1 inicio a la [&hellip;]<\/p>\n","protected":false},"author":1,"featured_media":19898,"comment_status":"open","ping_status":"open","sticky":false,"template":"","format":"standard","meta":{"_monsterinsights_skip_tracking":false,"_monsterinsights_sitenote_active":false,"_monsterinsights_sitenote_note":"","_monsterinsights_sitenote_category":0,"footnotes":""},"categories":[1],"tags":[],"_links":{"self":[{"href":"https:\/\/zonalimitrofe-cbnr.com\/index.php\/wp-json\/wp\/v2\/posts\/19897"}],"collection":[{"href":"https:\/\/zonalimitrofe-cbnr.com\/index.php\/wp-json\/wp\/v2\/posts"}],"about":[{"href":"https:\/\/zonalimitrofe-cbnr.com\/index.php\/wp-json\/wp\/v2\/types\/post"}],"author":[{"embeddable":true,"href":"https:\/\/zonalimitrofe-cbnr.com\/index.php\/wp-json\/wp\/v2\/users\/1"}],"replies":[{"embeddable":true,"href":"https:\/\/zonalimitrofe-cbnr.com\/index.php\/wp-json\/wp\/v2\/comments?post=19897"}],"version-history":[{"count":1,"href":"https:\/\/zonalimitrofe-cbnr.com\/index.php\/wp-json\/wp\/v2\/posts\/19897\/revisions"}],"predecessor-version":[{"id":19899,"href":"https:\/\/zonalimitrofe-cbnr.com\/index.php\/wp-json\/wp\/v2\/posts\/19897\/revisions\/19899"}],"wp:featuredmedia":[{"embeddable":true,"href":"https:\/\/zonalimitrofe-cbnr.com\/index.php\/wp-json\/wp\/v2\/media\/19898"}],"wp:attachment":[{"href":"https:\/\/zonalimitrofe-cbnr.com\/index.php\/wp-json\/wp\/v2\/media?parent=19897"}],"wp:term":[{"taxonomy":"category","embeddable":true,"href":"https:\/\/zonalimitrofe-cbnr.com\/index.php\/wp-json\/wp\/v2\/categories?post=19897"},{"taxonomy":"post_tag","embeddable":true,"href":"https:\/\/zonalimitrofe-cbnr.com\/index.php\/wp-json\/wp\/v2\/tags?post=19897"}],"curies":[{"name":"wp","href":"https:\/\/api.w.org\/{rel}","templated":true}]}}