{"id":1988,"date":"2024-02-20T14:25:55","date_gmt":"2024-02-20T20:25:55","guid":{"rendered":"https:\/\/zonalimitrofe-cbnr.com\/?p=1988"},"modified":"2024-02-20T14:25:55","modified_gmt":"2024-02-20T20:25:55","slug":"lerdo-reiteran-invitacion-para-integrar-brigadas-comunitarias","status":"publish","type":"post","link":"https:\/\/zonalimitrofe-cbnr.com\/index.php\/2024\/02\/20\/lerdo-reiteran-invitacion-para-integrar-brigadas-comunitarias\/","title":{"rendered":"#Lerdo. REITERAN INVITACI\u00d3N PARA INTEGRAR BRIGADAS COMUNITARIAS"},"content":{"rendered":"\n<p>Lerdo, 20 de febrero de 2024.- La coordinadora de Protecci\u00f3n Civil en Lerdo, Isabel Mac\u00edas Sifuentes, ha hecho un en\u00e9rgico llamado a la sociedad lerdense para unirse al programa de brigadas comunitarias, destinado a fortalecer la responsabilidad y el cumplimiento en materia de protecci\u00f3n civil a nivel local.<\/p>\n\n\n\n<p>Mac\u00edas Sifuentes destac\u00f3 que esta iniciativa tiene como objetivo principal mejorar la conciencia sobre los riesgos locales, como inundaciones y la gesti\u00f3n de incidentes en empresas cercanas.<\/p>\n\n\n\n<p>Estas brigadas estar\u00e1n compuestas por un m\u00ednimo de 5 personas, con roles espec\u00edficos que incluyen presidente, secretario, jefe de brigada de comunicaci\u00f3n, jefe de incendios y jefe de primeros auxilios.<\/p>\n\n\n\n<p>Una vez formadas, recibir\u00e1n capacitaci\u00f3n por parte de los elementos de Protecci\u00f3n Civil y Bomberos, en primeros auxilios y manejo de extintores, con el fin de que los vecinos tambi\u00e9n puedan proporcionar asistencia inicial como primeros respondientes, adem\u00e1s de informar sobre emergencias.<\/p>\n\n\n\n<p>La campa\u00f1a, instruida por el Alcalde Homero Mart\u00ednez, se presenta como una extensi\u00f3n del programa &#8220;Mini Guardianes de la Prevenci\u00f3n&#8221;. Se pretende formar comitivas en cada colonia y comunidad, invitando a los ciudadanos interesados a informarse a trav\u00e9s del tel\u00e9fono proporcionado a continuaci\u00f3n para conocer todos los detalles y requisitos.<\/p>\n\n\n\n<p>El proceso para formar una brigada comunitaria consta de tres simples pasos: identificar a personas de la comunidad que conozcan la zona y sus riesgos, organizar un grupo interesado en trabajar para reducir esos riesgos, y finalmente registrar el grupo como una <em>brigada comunitaria<\/em> en la Direcci\u00f3n de Protecci\u00f3n Civil y Bomberos.<\/p>\n\n\n\n<p>Para hacer el registro, es importante realizar alguna de las siguientes acciones; comunicarse a trav\u00e9s del n\u00famero telef\u00f3nico 871 159 2676, enviar un correo electr\u00f3nico a proteccioncivil_lerdo@hotmail.com, consultar la p\u00e1gina oficial de Facebook &#8220;Protecci\u00f3n Civil y Bomberos Lerdo&#8221;, o visitar las oficinas ubicadas en el libramiento perif\u00e9rico sin n\u00famero, a 500 metros del Hospital General.<\/p>\n","protected":false},"excerpt":{"rendered":"<p>Lerdo, 20 de febrero de 2024.- La coordinadora de Protecci\u00f3n Civil en Lerdo, Isabel Mac\u00edas Sifuentes, ha hecho un en\u00e9rgico llamado a la sociedad lerdense para unirse al programa de brigadas comunitarias, destinado a fortalecer la responsabilidad y el cumplimiento en materia de protecci\u00f3n civil a nivel local. Mac\u00edas Sifuentes destac\u00f3 que esta iniciativa tiene [&hellip;]<\/p>\n","protected":false},"author":1,"featured_media":1989,"comment_status":"open","ping_status":"open","sticky":false,"template":"","format":"standard","meta":{"_monsterinsights_skip_tracking":false,"_monsterinsights_sitenote_active":false,"_monsterinsights_sitenote_note":"","_monsterinsights_sitenote_category":0,"footnotes":""},"categories":[1],"tags":[],"_links":{"self":[{"href":"https:\/\/zonalimitrofe-cbnr.com\/index.php\/wp-json\/wp\/v2\/posts\/1988"}],"collection":[{"href":"https:\/\/zonalimitrofe-cbnr.com\/index.php\/wp-json\/wp\/v2\/posts"}],"about":[{"href":"https:\/\/zonalimitrofe-cbnr.com\/index.php\/wp-json\/wp\/v2\/types\/post"}],"author":[{"embeddable":true,"href":"https:\/\/zonalimitrofe-cbnr.com\/index.php\/wp-json\/wp\/v2\/users\/1"}],"replies":[{"embeddable":true,"href":"https:\/\/zonalimitrofe-cbnr.com\/index.php\/wp-json\/wp\/v2\/comments?post=1988"}],"version-history":[{"count":1,"href":"https:\/\/zonalimitrofe-cbnr.com\/index.php\/wp-json\/wp\/v2\/posts\/1988\/revisions"}],"predecessor-version":[{"id":1990,"href":"https:\/\/zonalimitrofe-cbnr.com\/index.php\/wp-json\/wp\/v2\/posts\/1988\/revisions\/1990"}],"wp:featuredmedia":[{"embeddable":true,"href":"https:\/\/zonalimitrofe-cbnr.com\/index.php\/wp-json\/wp\/v2\/media\/1989"}],"wp:attachment":[{"href":"https:\/\/zonalimitrofe-cbnr.com\/index.php\/wp-json\/wp\/v2\/media?parent=1988"}],"wp:term":[{"taxonomy":"category","embeddable":true,"href":"https:\/\/zonalimitrofe-cbnr.com\/index.php\/wp-json\/wp\/v2\/categories?post=1988"},{"taxonomy":"post_tag","embeddable":true,"href":"https:\/\/zonalimitrofe-cbnr.com\/index.php\/wp-json\/wp\/v2\/tags?post=1988"}],"curies":[{"name":"wp","href":"https:\/\/api.w.org\/{rel}","templated":true}]}}