{"id":19876,"date":"2025-05-06T17:25:51","date_gmt":"2025-05-06T23:25:51","guid":{"rendered":"https:\/\/zonalimitrofe-cbnr.com\/?p=19876"},"modified":"2025-05-06T17:25:51","modified_gmt":"2025-05-06T23:25:51","slug":"torreon-dan-a-conocer-a-los-primeros-semifinalistas-de-yo-leo-tu-lees-todos-leemos-de-radio-torreon","status":"publish","type":"post","link":"https:\/\/zonalimitrofe-cbnr.com\/index.php\/2025\/05\/06\/torreon-dan-a-conocer-a-los-primeros-semifinalistas-de-yo-leo-tu-lees-todos-leemos-de-radio-torreon\/","title":{"rendered":"#Torre\u00f3n. Dan a conocer a los primeros semifinalistas de \u201cYo leo, t\u00fa lees, todos leemos\u201d de Radio Torre\u00f3n"},"content":{"rendered":"\n<p>Torre\u00f3n, Coahuila. A 6 de mayo de 2025<\/p>\n\n\n\n<p>Luego de una intensa semana de participaci\u00f3n por parte de alumnos, alumnas y maestros de tercer grado de primaria, quedaron definidos los primeros 10 semifinalistas del concurso de lectura por radio \u201cYo Leo, T\u00fa Lees, Todos Leemos\u201d que realiza el Municipio, a trav\u00e9s de Radio Torre\u00f3n 96.3 FM, con la Secretar\u00eda de Educaci\u00f3n en Coahuila y la coordinaci\u00f3n general de servicios educativos en La Laguna.<\/p>\n\n\n\n<p>El director general de Radio Torre\u00f3n, Jos\u00e9 Armando Cobi\u00e1n Lafont, dijo que este tipo de actividades son impulsadas por la Administraci\u00f3n Municipal del alcalde Rom\u00e1n Alberto Cepeda Gonz\u00e1lez, y precis\u00f3 que se involucr\u00f3 a poco m\u00e1s de 300 escuelas p\u00fablicas de la ciudad que participar\u00e1n en las categor\u00edas de tercero a sexto de primaria, y de primero a tercero de secundaria.<\/p>\n\n\n\n<p>Cobi\u00e1n Lafont dio a conocer a los primeros 10 semifinalistas del tercer grado de primaria:<\/p>\n\n\n\n<p>Renata Carrillo Bocardo, de la Escuela Primaria Federal Otilio Monta\u00f1o; Elisa Mart\u00ednez Acosta, por parte de la Escuela Primaria General Felipe \u00c1ngeles; Logan Vandersar Flores Medell\u00edn, de la Escuela Primaria Federal Presidente L\u00e1zaro C\u00e1rdenas del R\u00edo; e Iker Aldair Salda\u00f1a Huitr\u00f3n, de la Escuela Primaria Eliseo Loera Salazar.<\/p>\n\n\n\n<p>Adem\u00e1s de M\u00eda Jacqueline Galv\u00e1n Mart\u00ednez, de la Escuela Primaria Federal Agust\u00edn Melgar; Issac Rodolfo Rivera Rodr\u00edguez, de la Escuela Primaria Profesora Antonia Sol\u00eds Amaro; Mar\u00eda Jos\u00e9 Neri Alvarado Rojas, Escuela Primaria Gustavo D\u00edaz Ordaz; Dayron Mat\u00edas Guijarro Favela, Escuela Primaria Ignacio Zaragoza; Rebeca del Carmen Rodr\u00edguez Jara, Escuela Primaria Ra\u00fal Isidro Burgos; y Airam Esther Palacios Garc\u00eda, Escuela Primaria Presidente L\u00e1zaro C\u00e1rdenas del Rio;<\/p>\n\n\n\n<p>El director invit\u00f3 a los torreonenses a escuchar completamente en vivo el concurso de lectura por radio de lunes a viernes de 10:00 a 11:00 horas, por el 96.3 FM de Radio Torre\u00f3n, o a trav\u00e9s de la p\u00e1gina de Facebook Live Radio Torre\u00f3n 96.3 FM.<\/p>\n","protected":false},"excerpt":{"rendered":"<p>Torre\u00f3n, Coahuila. A 6 de mayo de 2025 Luego de una intensa semana de participaci\u00f3n por parte de alumnos, alumnas y maestros de tercer grado de primaria, quedaron definidos los primeros 10 semifinalistas del concurso de lectura por radio \u201cYo Leo, T\u00fa Lees, Todos Leemos\u201d que realiza el Municipio, a trav\u00e9s de Radio Torre\u00f3n 96.3 [&hellip;]<\/p>\n","protected":false},"author":1,"featured_media":19877,"comment_status":"open","ping_status":"open","sticky":false,"template":"","format":"standard","meta":{"_monsterinsights_skip_tracking":false,"_monsterinsights_sitenote_active":false,"_monsterinsights_sitenote_note":"","_monsterinsights_sitenote_category":0,"footnotes":""},"categories":[1],"tags":[],"_links":{"self":[{"href":"https:\/\/zonalimitrofe-cbnr.com\/index.php\/wp-json\/wp\/v2\/posts\/19876"}],"collection":[{"href":"https:\/\/zonalimitrofe-cbnr.com\/index.php\/wp-json\/wp\/v2\/posts"}],"about":[{"href":"https:\/\/zonalimitrofe-cbnr.com\/index.php\/wp-json\/wp\/v2\/types\/post"}],"author":[{"embeddable":true,"href":"https:\/\/zonalimitrofe-cbnr.com\/index.php\/wp-json\/wp\/v2\/users\/1"}],"replies":[{"embeddable":true,"href":"https:\/\/zonalimitrofe-cbnr.com\/index.php\/wp-json\/wp\/v2\/comments?post=19876"}],"version-history":[{"count":1,"href":"https:\/\/zonalimitrofe-cbnr.com\/index.php\/wp-json\/wp\/v2\/posts\/19876\/revisions"}],"predecessor-version":[{"id":19878,"href":"https:\/\/zonalimitrofe-cbnr.com\/index.php\/wp-json\/wp\/v2\/posts\/19876\/revisions\/19878"}],"wp:featuredmedia":[{"embeddable":true,"href":"https:\/\/zonalimitrofe-cbnr.com\/index.php\/wp-json\/wp\/v2\/media\/19877"}],"wp:attachment":[{"href":"https:\/\/zonalimitrofe-cbnr.com\/index.php\/wp-json\/wp\/v2\/media?parent=19876"}],"wp:term":[{"taxonomy":"category","embeddable":true,"href":"https:\/\/zonalimitrofe-cbnr.com\/index.php\/wp-json\/wp\/v2\/categories?post=19876"},{"taxonomy":"post_tag","embeddable":true,"href":"https:\/\/zonalimitrofe-cbnr.com\/index.php\/wp-json\/wp\/v2\/tags?post=19876"}],"curies":[{"name":"wp","href":"https:\/\/api.w.org\/{rel}","templated":true}]}}