{"id":19870,"date":"2025-05-06T17:19:03","date_gmt":"2025-05-06T23:19:03","guid":{"rendered":"https:\/\/zonalimitrofe-cbnr.com\/?p=19870"},"modified":"2025-05-06T17:19:03","modified_gmt":"2025-05-06T23:19:03","slug":"gp-promueve-municipio-la-cultura-y-el-arte-en-escuelas-de-gomez-palacio","status":"publish","type":"post","link":"https:\/\/zonalimitrofe-cbnr.com\/index.php\/2025\/05\/06\/gp-promueve-municipio-la-cultura-y-el-arte-en-escuelas-de-gomez-palacio\/","title":{"rendered":"#GP. Promueve Municipio la cultura y el arte en escuelas de G\u00f3mez Palacio*"},"content":{"rendered":"\n<p>Con motivo del D\u00eda Mundial del Arte y la Cultura, la Direcci\u00f3n de Arte y Cultura de G\u00f3mez Palacio organiz\u00f3 una actividad especial en el COBAED Plantel 04, ubicado en la Villa Gregorio A. Garc\u00eda, con la activa participaci\u00f3n de un numeroso grupo de estudiantes.<\/p>\n\n\n\n<p>Melissa Reuter P\u00e9rez, directora de la dependencia, destac\u00f3 que durante la jornada se realiz\u00f3 la lectura del texto \u201cJuegos del Alma\u201d, una obra que promueve los valores humanos e invita a la reflexi\u00f3n y al desarrollo del pensamiento cr\u00edtico entre los j\u00f3venes. Esta actividad fue el inicio de un proceso para despertar la creatividad y sensibilidad art\u00edstica en los estudiantes.<\/p>\n\n\n\n<p>Los participantes llevaron a cabo una actividad art\u00edstica, en la que, mediante t\u00e9cnicas libres, plasmaron sus ideas y emociones en prendas y accesorios. Estos fueron intervenidos creativamente con dise\u00f1os originales, elaborados por los propios estudiantes.<\/p>\n\n\n\n<p>A trav\u00e9s de esta din\u00e1mica, la Direcci\u00f3n de Arte y Cultura fomenta la expresi\u00f3n art\u00edstica en la juventud, promoviendo el arte como una herramienta de transformaci\u00f3n personal y social en las comunidades m\u00e1s alejadas del municipio.<\/p>\n\n\n\n<p>Reuter P\u00e9rez resalt\u00f3 que este tipo de actividades refuerzan la identidad cultural y contribuyen al desarrollo integral de los j\u00f3venes gomezpalatinos.<\/p>\n\n\n\n<p>Enviado desde mi iPhone<\/p>\n","protected":false},"excerpt":{"rendered":"<p>Con motivo del D\u00eda Mundial del Arte y la Cultura, la Direcci\u00f3n de Arte y Cultura de G\u00f3mez Palacio organiz\u00f3 una actividad especial en el COBAED Plantel 04, ubicado en la Villa Gregorio A. Garc\u00eda, con la activa participaci\u00f3n de un numeroso grupo de estudiantes. Melissa Reuter P\u00e9rez, directora de la dependencia, destac\u00f3 que durante [&hellip;]<\/p>\n","protected":false},"author":1,"featured_media":19871,"comment_status":"open","ping_status":"open","sticky":false,"template":"","format":"standard","meta":{"_monsterinsights_skip_tracking":false,"_monsterinsights_sitenote_active":false,"_monsterinsights_sitenote_note":"","_monsterinsights_sitenote_category":0,"footnotes":""},"categories":[1],"tags":[],"_links":{"self":[{"href":"https:\/\/zonalimitrofe-cbnr.com\/index.php\/wp-json\/wp\/v2\/posts\/19870"}],"collection":[{"href":"https:\/\/zonalimitrofe-cbnr.com\/index.php\/wp-json\/wp\/v2\/posts"}],"about":[{"href":"https:\/\/zonalimitrofe-cbnr.com\/index.php\/wp-json\/wp\/v2\/types\/post"}],"author":[{"embeddable":true,"href":"https:\/\/zonalimitrofe-cbnr.com\/index.php\/wp-json\/wp\/v2\/users\/1"}],"replies":[{"embeddable":true,"href":"https:\/\/zonalimitrofe-cbnr.com\/index.php\/wp-json\/wp\/v2\/comments?post=19870"}],"version-history":[{"count":1,"href":"https:\/\/zonalimitrofe-cbnr.com\/index.php\/wp-json\/wp\/v2\/posts\/19870\/revisions"}],"predecessor-version":[{"id":19872,"href":"https:\/\/zonalimitrofe-cbnr.com\/index.php\/wp-json\/wp\/v2\/posts\/19870\/revisions\/19872"}],"wp:featuredmedia":[{"embeddable":true,"href":"https:\/\/zonalimitrofe-cbnr.com\/index.php\/wp-json\/wp\/v2\/media\/19871"}],"wp:attachment":[{"href":"https:\/\/zonalimitrofe-cbnr.com\/index.php\/wp-json\/wp\/v2\/media?parent=19870"}],"wp:term":[{"taxonomy":"category","embeddable":true,"href":"https:\/\/zonalimitrofe-cbnr.com\/index.php\/wp-json\/wp\/v2\/categories?post=19870"},{"taxonomy":"post_tag","embeddable":true,"href":"https:\/\/zonalimitrofe-cbnr.com\/index.php\/wp-json\/wp\/v2\/tags?post=19870"}],"curies":[{"name":"wp","href":"https:\/\/api.w.org\/{rel}","templated":true}]}}