{"id":19855,"date":"2025-05-06T16:57:40","date_gmt":"2025-05-06T22:57:40","guid":{"rendered":"https:\/\/zonalimitrofe-cbnr.com\/?p=19855"},"modified":"2025-05-06T16:57:40","modified_gmt":"2025-05-06T22:57:40","slug":"lerdo-instalaran-mercadito-del-dia-de-las-madres-en-la-plaza-principal-de-lerdo","status":"publish","type":"post","link":"https:\/\/zonalimitrofe-cbnr.com\/index.php\/2025\/05\/06\/lerdo-instalaran-mercadito-del-dia-de-las-madres-en-la-plaza-principal-de-lerdo\/","title":{"rendered":"#Lerdo. Instalar\u00e1n Mercadito del D\u00eda de las Madres en la Plaza Principal de Lerdo"},"content":{"rendered":"\n<p>El Departamento de Plazas y Mercados del municipio de Lerdo anunci\u00f3 la instalaci\u00f3n del tradicional Mercadito del D\u00eda de las Madres en la Plaza Principal, el cual estar\u00e1 disponible los d\u00edas viernes 9 y s\u00e1bado 10 de mayo.<\/p>\n\n\n\n<p>Este espacio reunir\u00e1 a diversos comerciantes locales que ofrecer\u00e1n una gran variedad de art\u00edculos ideales para regalar en esta fecha especial. Entre los productos que se podr\u00e1n encontrar destacan flores, reposter\u00eda, arreglos, peluches, globos, joyer\u00eda, art\u00edculos de belleza, artesan\u00edas y otros obsequios pensados para celebrar a las mam\u00e1s.<\/p>\n\n\n\n<p>El objetivo de esta iniciativa es apoyar al comercio local y generar una derrama econ\u00f3mica positiva para la comunidad. Adem\u00e1s, los art\u00edculos tendr\u00e1n precios accesibles, promoviendo el consumo responsable y cercano.<\/p>\n\n\n\n<p>El Gobierno Municipal hace un llamado a los comerciantes interesados, para solicitar m\u00e1s informaci\u00f3n en el departamento de Plazas y Mercados, ubicado a un costado de la Presidencia Municipal, as\u00ed como un exhorto la ciudadan\u00eda para que acuda y aproveche esta opci\u00f3n para adquirir el regalo perfecto, mientras contribuyen al fortalecimiento de la econom\u00eda local.<\/p>\n","protected":false},"excerpt":{"rendered":"<p>El Departamento de Plazas y Mercados del municipio de Lerdo anunci\u00f3 la instalaci\u00f3n del tradicional Mercadito del D\u00eda de las Madres en la Plaza Principal, el cual estar\u00e1 disponible los d\u00edas viernes 9 y s\u00e1bado 10 de mayo. Este espacio reunir\u00e1 a diversos comerciantes locales que ofrecer\u00e1n una gran variedad de art\u00edculos ideales para regalar [&hellip;]<\/p>\n","protected":false},"author":1,"featured_media":19856,"comment_status":"open","ping_status":"open","sticky":false,"template":"","format":"standard","meta":{"_monsterinsights_skip_tracking":false,"_monsterinsights_sitenote_active":false,"_monsterinsights_sitenote_note":"","_monsterinsights_sitenote_category":0,"footnotes":""},"categories":[1],"tags":[],"_links":{"self":[{"href":"https:\/\/zonalimitrofe-cbnr.com\/index.php\/wp-json\/wp\/v2\/posts\/19855"}],"collection":[{"href":"https:\/\/zonalimitrofe-cbnr.com\/index.php\/wp-json\/wp\/v2\/posts"}],"about":[{"href":"https:\/\/zonalimitrofe-cbnr.com\/index.php\/wp-json\/wp\/v2\/types\/post"}],"author":[{"embeddable":true,"href":"https:\/\/zonalimitrofe-cbnr.com\/index.php\/wp-json\/wp\/v2\/users\/1"}],"replies":[{"embeddable":true,"href":"https:\/\/zonalimitrofe-cbnr.com\/index.php\/wp-json\/wp\/v2\/comments?post=19855"}],"version-history":[{"count":1,"href":"https:\/\/zonalimitrofe-cbnr.com\/index.php\/wp-json\/wp\/v2\/posts\/19855\/revisions"}],"predecessor-version":[{"id":19857,"href":"https:\/\/zonalimitrofe-cbnr.com\/index.php\/wp-json\/wp\/v2\/posts\/19855\/revisions\/19857"}],"wp:featuredmedia":[{"embeddable":true,"href":"https:\/\/zonalimitrofe-cbnr.com\/index.php\/wp-json\/wp\/v2\/media\/19856"}],"wp:attachment":[{"href":"https:\/\/zonalimitrofe-cbnr.com\/index.php\/wp-json\/wp\/v2\/media?parent=19855"}],"wp:term":[{"taxonomy":"category","embeddable":true,"href":"https:\/\/zonalimitrofe-cbnr.com\/index.php\/wp-json\/wp\/v2\/categories?post=19855"},{"taxonomy":"post_tag","embeddable":true,"href":"https:\/\/zonalimitrofe-cbnr.com\/index.php\/wp-json\/wp\/v2\/tags?post=19855"}],"curies":[{"name":"wp","href":"https:\/\/api.w.org\/{rel}","templated":true}]}}