{"id":19846,"date":"2025-05-06T16:45:46","date_gmt":"2025-05-06T22:45:46","guid":{"rendered":"https:\/\/zonalimitrofe-cbnr.com\/?p=19846"},"modified":"2025-05-06T16:45:47","modified_gmt":"2025-05-06T22:45:47","slug":"uadec-invita-uadec-a-participar-en-el-vi-congreso-internacional-de-etica-ciencia-y-educacion","status":"publish","type":"post","link":"https:\/\/zonalimitrofe-cbnr.com\/index.php\/2025\/05\/06\/uadec-invita-uadec-a-participar-en-el-vi-congreso-internacional-de-etica-ciencia-y-educacion\/","title":{"rendered":"#UAdeC. Invita UAdeC a Participar en el VI Congreso Internacional de \u00c9tica, Ciencia y Educaci\u00f3n"},"content":{"rendered":"\n<p>SALTILLO, Coahuila. 6 de mayo de 2025. La Universidad Aut\u00f3noma de Coahuila en colaboraci\u00f3n con el Gobierno del Estado de Coahuila, ser\u00e1 sede del VI Congreso Internacional de \u00c9tica, Ciencia y Educaci\u00f3n, que se llevar\u00e1 a cabo en Ciudad Universitaria Campus Arteaga el 24, 25 y 26 de septiembre de 2025.<\/p>\n\n\n\n<p>Este evento fue fundado en 2020 por el Instituto Nacional de Investigaci\u00f3n e Innovaci\u00f3n Social de Colombia y, tiene como misi\u00f3n propiciar un espacio de reflexi\u00f3n y debate en torno a los aspectos \u00e9ticos que atraviesan la ciencia, la pol\u00edtica y la educaci\u00f3n en Am\u00e9rica Latina y el Caribe, promoviendo una perspectiva interdisciplinaria, plural, abierta y responsable para consolidar sociedades m\u00e1s justas y \u00e9ticas.<\/p>\n\n\n\n<p>En rueda de prensa dieron a conocer los detalles del congreso, por parte de la UAdeC, la titular del Tribunal Universitario para la Atenci\u00f3n de los Casos de Violencia de G\u00e9nero, Nadia Libertad Salas Carrillo, la coordinadora general de Relaciones Internacionales, Lourdes Morales Oyervides y la directora de la Academia Interamericana de Derechos Humanos, Irene Spigno.<\/p>\n\n\n\n<p>Mientras que, del Gobierno del Estado de Coahuila, estuvo presente el secretario de Inclusi\u00f3n y Desarrollo Social, Enrique Mart\u00ednez y Morales y la encargada de la direcci\u00f3n para Promover la Igualdad y Prevenir la Discriminaci\u00f3n, Patricia Yeverino Mayola y de manera virtual el director del Instituto Nacional de Investigaci\u00f3n e Innovaci\u00f3n Social de Colombia, Julio Hern\u00e1n Parrado Medina.<\/p>\n\n\n\n<p>Destacaron que, es la primera vez que el Congreso se realizar\u00e1 en M\u00e9xico, lo que permite un intercambio acad\u00e9mico y cultural, proyectando a Coahuila a nivel internacional como un estado de avanzada, contando con la participaci\u00f3n de pa\u00edses como Colombia, Chile, Per\u00fa, Brasil, Venezuela y Espa\u00f1a, en formato h\u00edbrido.<\/p>\n\n\n\n<p>Compartieron que, el VI Congreso Internacional de \u00c9tica, Ciencia y Educaci\u00f3n abordar\u00e1 las siguientes tem\u00e1ticas: Formaci\u00f3n Integral y metodolog\u00edas educativas innovadoras y disruptivas ante los desaf\u00edos \u00e9ticos en contextos conflictivos; Retos, perspectivas y prospectivas \u00e9ticas, en el desarrollo sostenible y cient\u00edfico.<\/p>\n\n\n\n<p>Adem\u00e1s, \u00c9tica de la Inteligencia Artificial en la educaci\u00f3n, ciencia y comunicaci\u00f3n; Quehacer universitario con perspectivas de g\u00e9nero; Retos \u00e9ticos para la educaci\u00f3n e investigaci\u00f3n cient\u00edfica, social y cultural en un mundo globalizado e intercultural y Alcances \u00e9ticos en la diversidad sexogen\u00e9rica, inclusi\u00f3n e igualdad.<\/p>\n\n\n\n<p>Durante el evento se tendr\u00e1n conferencias magistrales, presentaciones de libros y revistas acad\u00e9micas, talleres con sesiones pr\u00e1cticas, ponencias orales con duraci\u00f3n de 20 minutos y 5 para preguntas y respuestas, micro ponencias de 5 a 10 minutos y sesi\u00f3n de p\u00f3ster.<\/p>\n\n\n\n<p>Los interesados en participar tienen hasta el 16 de mayo para registrarse en www.congresointernacional.uadec.mx, el costo para docentes e investigadores es de $600 pesos y de $300 para estudiantes, para m\u00e1s informaci\u00f3n escribir al correo electr\u00f3nico congresomexico@uadec.edu.mx.<\/p>\n","protected":false},"excerpt":{"rendered":"<p>SALTILLO, Coahuila. 6 de mayo de 2025. La Universidad Aut\u00f3noma de Coahuila en colaboraci\u00f3n con el Gobierno del Estado de Coahuila, ser\u00e1 sede del VI Congreso Internacional de \u00c9tica, Ciencia y Educaci\u00f3n, que se llevar\u00e1 a cabo en Ciudad Universitaria Campus Arteaga el 24, 25 y 26 de septiembre de 2025. Este evento fue fundado [&hellip;]<\/p>\n","protected":false},"author":1,"featured_media":19847,"comment_status":"open","ping_status":"open","sticky":false,"template":"","format":"standard","meta":{"_monsterinsights_skip_tracking":false,"_monsterinsights_sitenote_active":false,"_monsterinsights_sitenote_note":"","_monsterinsights_sitenote_category":0,"footnotes":""},"categories":[1],"tags":[],"_links":{"self":[{"href":"https:\/\/zonalimitrofe-cbnr.com\/index.php\/wp-json\/wp\/v2\/posts\/19846"}],"collection":[{"href":"https:\/\/zonalimitrofe-cbnr.com\/index.php\/wp-json\/wp\/v2\/posts"}],"about":[{"href":"https:\/\/zonalimitrofe-cbnr.com\/index.php\/wp-json\/wp\/v2\/types\/post"}],"author":[{"embeddable":true,"href":"https:\/\/zonalimitrofe-cbnr.com\/index.php\/wp-json\/wp\/v2\/users\/1"}],"replies":[{"embeddable":true,"href":"https:\/\/zonalimitrofe-cbnr.com\/index.php\/wp-json\/wp\/v2\/comments?post=19846"}],"version-history":[{"count":1,"href":"https:\/\/zonalimitrofe-cbnr.com\/index.php\/wp-json\/wp\/v2\/posts\/19846\/revisions"}],"predecessor-version":[{"id":19848,"href":"https:\/\/zonalimitrofe-cbnr.com\/index.php\/wp-json\/wp\/v2\/posts\/19846\/revisions\/19848"}],"wp:featuredmedia":[{"embeddable":true,"href":"https:\/\/zonalimitrofe-cbnr.com\/index.php\/wp-json\/wp\/v2\/media\/19847"}],"wp:attachment":[{"href":"https:\/\/zonalimitrofe-cbnr.com\/index.php\/wp-json\/wp\/v2\/media?parent=19846"}],"wp:term":[{"taxonomy":"category","embeddable":true,"href":"https:\/\/zonalimitrofe-cbnr.com\/index.php\/wp-json\/wp\/v2\/categories?post=19846"},{"taxonomy":"post_tag","embeddable":true,"href":"https:\/\/zonalimitrofe-cbnr.com\/index.php\/wp-json\/wp\/v2\/tags?post=19846"}],"curies":[{"name":"wp","href":"https:\/\/api.w.org\/{rel}","templated":true}]}}