{"id":19725,"date":"2025-05-02T20:35:00","date_gmt":"2025-05-03T02:35:00","guid":{"rendered":"https:\/\/zonalimitrofe-cbnr.com\/?p=19725"},"modified":"2025-05-02T20:35:00","modified_gmt":"2025-05-03T02:35:00","slug":"gp-llevan-el-programa-arte-en-el-parque-al-centro-comunitario-nuevo-gomez","status":"publish","type":"post","link":"https:\/\/zonalimitrofe-cbnr.com\/index.php\/2025\/05\/02\/gp-llevan-el-programa-arte-en-el-parque-al-centro-comunitario-nuevo-gomez\/","title":{"rendered":"#GP. Llevan el programa \u201cArte en el Parque\u201d al Centro Comunitario Nuevo G\u00f3mez*"},"content":{"rendered":"\n<p>+Ni\u00f1os viven una jornada de diversi\u00f3n y aprendizaje<\/p>\n\n\n\n<p>En el marco de las celebraciones por el D\u00eda del Ni\u00f1o, la Direcci\u00f3n de Arte y Cultura del Municipio de G\u00f3mez Palacio llev\u00f3 a cabo una edici\u00f3n especial del programa \u201cArte en el Parque\u201d en el Centro Comunitario Nuevo G\u00f3mez, donde decenas de menores se reunieron para disfrutar de un d\u00eda lleno de arte, cultura y diversi\u00f3n.<\/p>\n\n\n\n<p>Melissa Reuter P\u00e9rez, directora de Arte y Cultura, destac\u00f3 que este programa tiene como objetivo generar espacios de esparcimiento y fomento cultural en colonias y comunidades, especialmente dirigidos a los ni\u00f1os.<\/p>\n\n\n\n<p>Durante el evento, los menores participaron en diversas actividades dise\u00f1adas para estimular su creatividad y promover la sana convivencia, tales como el taller de stickers, el taller de kamishibai (una tradicional forma japonesa de contar historias con ilustraciones) y juegos tradicionales que revivieron momentos de convivencia.<\/p>\n\n\n\n<p>La Direcci\u00f3n de Arte y Cultura organiza este tipo de actividades para acercar programas culturales y recreativos a las colonias y comunidades del municipio, promoviendo el desarrollo art\u00edstico y creando espacios de esparcimiento para toda la familia.<br>+<\/p>\n","protected":false},"excerpt":{"rendered":"<p>+Ni\u00f1os viven una jornada de diversi\u00f3n y aprendizaje En el marco de las celebraciones por el D\u00eda del Ni\u00f1o, la Direcci\u00f3n de Arte y Cultura del Municipio de G\u00f3mez Palacio llev\u00f3 a cabo una edici\u00f3n especial del programa \u201cArte en el Parque\u201d en el Centro Comunitario Nuevo G\u00f3mez, donde decenas de menores se reunieron para [&hellip;]<\/p>\n","protected":false},"author":1,"featured_media":19726,"comment_status":"open","ping_status":"open","sticky":false,"template":"","format":"standard","meta":{"_monsterinsights_skip_tracking":false,"_monsterinsights_sitenote_active":false,"_monsterinsights_sitenote_note":"","_monsterinsights_sitenote_category":0,"footnotes":""},"categories":[1],"tags":[],"_links":{"self":[{"href":"https:\/\/zonalimitrofe-cbnr.com\/index.php\/wp-json\/wp\/v2\/posts\/19725"}],"collection":[{"href":"https:\/\/zonalimitrofe-cbnr.com\/index.php\/wp-json\/wp\/v2\/posts"}],"about":[{"href":"https:\/\/zonalimitrofe-cbnr.com\/index.php\/wp-json\/wp\/v2\/types\/post"}],"author":[{"embeddable":true,"href":"https:\/\/zonalimitrofe-cbnr.com\/index.php\/wp-json\/wp\/v2\/users\/1"}],"replies":[{"embeddable":true,"href":"https:\/\/zonalimitrofe-cbnr.com\/index.php\/wp-json\/wp\/v2\/comments?post=19725"}],"version-history":[{"count":1,"href":"https:\/\/zonalimitrofe-cbnr.com\/index.php\/wp-json\/wp\/v2\/posts\/19725\/revisions"}],"predecessor-version":[{"id":19727,"href":"https:\/\/zonalimitrofe-cbnr.com\/index.php\/wp-json\/wp\/v2\/posts\/19725\/revisions\/19727"}],"wp:featuredmedia":[{"embeddable":true,"href":"https:\/\/zonalimitrofe-cbnr.com\/index.php\/wp-json\/wp\/v2\/media\/19726"}],"wp:attachment":[{"href":"https:\/\/zonalimitrofe-cbnr.com\/index.php\/wp-json\/wp\/v2\/media?parent=19725"}],"wp:term":[{"taxonomy":"category","embeddable":true,"href":"https:\/\/zonalimitrofe-cbnr.com\/index.php\/wp-json\/wp\/v2\/categories?post=19725"},{"taxonomy":"post_tag","embeddable":true,"href":"https:\/\/zonalimitrofe-cbnr.com\/index.php\/wp-json\/wp\/v2\/tags?post=19725"}],"curies":[{"name":"wp","href":"https:\/\/api.w.org\/{rel}","templated":true}]}}