{"id":19679,"date":"2025-05-02T19:45:42","date_gmt":"2025-05-03T01:45:42","guid":{"rendered":"https:\/\/zonalimitrofe-cbnr.com\/?p=19679"},"modified":"2025-05-02T19:45:43","modified_gmt":"2025-05-03T01:45:43","slug":"coahuila-reconoce-el-pri-fuerza-a-la-laboral-de-coahuila","status":"publish","type":"post","link":"https:\/\/zonalimitrofe-cbnr.com\/index.php\/2025\/05\/02\/coahuila-reconoce-el-pri-fuerza-a-la-laboral-de-coahuila\/","title":{"rendered":"#Coahuila. Reconoce el PRI fuerza a la laboral de Coahuila"},"content":{"rendered":"\n<p>\u00b7 Nuestro estado es tierra de trabajo, no de improvisaciones.- Diego Rodr\u00edguez<\/p>\n\n\n\n<p>\u00b7 Gracias a la seguridad p\u00fablica, somos l\u00edderes en generaci\u00f3n de empleo, se\u00f1ala Carlos Robles<\/p>\n\n\n\n<p>\u00b7 Saltillo seguir\u00e1 trabajando para que las y los trabajadores tengan m\u00e1s oportunidades de empleos mejor pagados, afirma Javier D\u00edaz<\/p>\n\n\n\n<p>Saltillo, Coahuila, 1 de mayo del 2025.- Coahuila es l\u00edder en competitividad, el n\u00famero uno en producci\u00f3n de veh\u00edculos y autopartes en el pa\u00eds, uno de los tres estados con mayor n\u00famero de exportaciones, adem\u00e1s que en la entidad se vive un clima de paz laboral como en ning\u00fan otro estado, gracias en gran medida al trabajo de Manolo Jim\u00e9nez Salinas en materia de seguridad, que permite la llegada de m\u00e1s empresas que ofrecen buenos sueldos bien pagados.<\/p>\n\n\n\n<p>As\u00ed, el PRI Coahuila reconoci\u00f3 la ma\u00f1ana de este 1 de mayo a la fuerza laboral de la entidad, cuyo trabajo contribuye a la grandeza del estado, adem\u00e1s de ser calificada como una de las m\u00e1s competitivas del pa\u00eds.<\/p>\n\n\n\n<p>Coahuila es tierra de trabajo.- Diego Rodr\u00edguez<\/p>\n\n\n\n<p>Como representante del primer priista en el estado, Manolo Jim\u00e9nez Salinas, el Secretario de Operaci\u00f3n Pol\u00edtica del PRI, Diego Rodr\u00edguez Canales, destac\u00f3 el trabajo que en materia de empleo se lleva a cabo en el estado.<\/p>\n\n\n\n<p>\u201cCoahuila dio origen a nuestro pa\u00eds al tener el m\u00e1s grande de nuestros derechos, el de un trabajo digno, a un sueldo, a no m\u00e1s tiendas de raya, a no tener m\u00e1s a nuestra gente hincada, esperando apoyo\u201d, expuso.<\/p>\n\n\n\n<p>Rodr\u00edguez Canales a\u00f1adi\u00f3 que en nuestro estado se dieron las bases del desarrollo del M\u00e9xico moderno.<\/p>\n\n\n\n<p>\u201cLa mejor herramienta es un buen empleo; no hay herramienta m\u00e1s eficiente para que nuestra gente salga adelante que tener un buen empleo. Coahuila es tierra de trabajo, no es tierra de improvisaciones\u201d, recalc\u00f3.<\/p>\n\n\n\n<p>En su momento, record\u00f3 el trabajo de cercan\u00eda con la gente que, desde el inicio de su carrera ha tenido Manolo Jim\u00e9nez Salinas lo cual lo ha llevado a entender las necesidades en todas las regiones del estado y llevar pol\u00edticas sociales para atenderlas.<\/p>\n\n\n\n<p>\u201cEn Coahuila cuidamos, apoyamos, honramos a quien trabaja, por eso este primero de mayo estamos reunidos en nuestro partido, en nuestra casa, nuestra familia, contando con compa\u00f1eros y compa\u00f1eras que tambi\u00e9n con esa medalla que hoy portan, est\u00e1 la historia de trabajo, de estabilidad, de desarrollo de nuestro estado\u201d, dijo<\/p>\n\n\n\n<p>Acompa\u00f1ados por trabajadores de varios sindicatos, l\u00edderes de sectores y organizaciones adheridas al PRI, en el evento se entregaron reconocimientos a 19 trabajadores por su destacada labor, adem\u00e1s de pos mortem a Mario Enrique Morales de la CROC y a Jos\u00e9 Reyes Blanco Guerra de la CROM.<\/p>\n\n\n\n<p>Los trabajadores de Coahuila son los mejores.- Carlos Robles<\/p>\n\n\n\n<p>El presidente del PRI en Coahuila, Carlos Robles Loustaunau, reconoci\u00f3 a todos los galardonados de los sectores y organizaciones del PRI Coahuila.<\/p>\n\n\n\n<p>\u201cSu esfuerzo y liderazgo representan la fuerza de nuestra gente y fortalecen nuestra marca pol\u00edtica en todos los rubros y estratos sociales. \u00a1Gracias por su entrega y compromiso\u2026 Ustedes son campeones sociales!<\/p>\n\n\n\n<p>\u201cDesde aqu\u00ed, el PRI Coahuila extiende un profundo y sincero reconocimiento a los t\u00e9cnicos, a los obreros, a los profesionistas, a las mujeres jefas de familia, a los<\/p>\n\n\n\n<p>productores del campo, a los maestros, los j\u00f3venes y los servidores p\u00fablicos que dan lo mejor de s\u00ed para tener un Coahuila productivo y din\u00e1mico.<\/p>\n\n\n\n<p>\u00a1Las y los trabajadores de Coahuila son los mejores de M\u00e9xico!\u201d, recalc\u00f3.<\/p>\n\n\n\n<p>Manolo es aliado de los trabajadores, afirma Javier D\u00edaz<\/p>\n\n\n\n<p>En su oportunidad, el primer priista de Saltillo, Javier D\u00edaz, afirm\u00f3 que Manolo Jim\u00e9nez es un aliado del trabajador.<\/p>\n\n\n\n<p>\u201cEs un firme promotor de la atracci\u00f3n de inversiones que generan m\u00e1s y mejores empleos, somos el estado con la tasa de formalidad laboral m\u00e1s alta en el pa\u00eds y mayor porcentaje de trabajadores con prestaciones laborales y con contrato escrito y somos el tercer estado m\u00e1s competitivo del pa\u00eds.<\/p>\n\n\n\n<p>\u201cEn Coahuila valoramos y respetamos a los trabajadores, promoviendo condiciones dignas y oportunidades equitativas que generan confianza y estabilidad, aspectos esenciales para la paz social y el progreso sostenido, los trabajadores son el pilar sobre el cual se edifica un estado fuerte y pr\u00f3spero\u201d, se\u00f1al\u00f3.<\/p>\n\n\n\n<p>Adem\u00e1s de los trabajadores y los l\u00edderes de los sectores y organizaciones, de la CTM Tereso Medina y de la CROC, Alberto N\u00fa\u00f1ez, por mencionar algunos, se dieron cita en el evento los primeros priistas de la regi\u00f3n sureste, Javier D\u00edaz de Saltillo, Tom\u00e1s Guti\u00e9rrez de Ramos Arizpe, de Parras Fernando Orozco, de Arteaga Ana Karen S\u00e1nchez Flores, as\u00ed como el consejero pol\u00edtico estatal Gabriel Elizondo P\u00e9rez.<\/p>\n","protected":false},"excerpt":{"rendered":"<p>\u00b7 Nuestro estado es tierra de trabajo, no de improvisaciones.- Diego Rodr\u00edguez \u00b7 Gracias a la seguridad p\u00fablica, somos l\u00edderes en generaci\u00f3n de empleo, se\u00f1ala Carlos Robles \u00b7 Saltillo seguir\u00e1 trabajando para que las y los trabajadores tengan m\u00e1s oportunidades de empleos mejor pagados, afirma Javier D\u00edaz Saltillo, Coahuila, 1 de mayo del 2025.- Coahuila [&hellip;]<\/p>\n","protected":false},"author":1,"featured_media":19680,"comment_status":"open","ping_status":"open","sticky":false,"template":"","format":"standard","meta":{"_monsterinsights_skip_tracking":false,"_monsterinsights_sitenote_active":false,"_monsterinsights_sitenote_note":"","_monsterinsights_sitenote_category":0,"footnotes":""},"categories":[1],"tags":[],"_links":{"self":[{"href":"https:\/\/zonalimitrofe-cbnr.com\/index.php\/wp-json\/wp\/v2\/posts\/19679"}],"collection":[{"href":"https:\/\/zonalimitrofe-cbnr.com\/index.php\/wp-json\/wp\/v2\/posts"}],"about":[{"href":"https:\/\/zonalimitrofe-cbnr.com\/index.php\/wp-json\/wp\/v2\/types\/post"}],"author":[{"embeddable":true,"href":"https:\/\/zonalimitrofe-cbnr.com\/index.php\/wp-json\/wp\/v2\/users\/1"}],"replies":[{"embeddable":true,"href":"https:\/\/zonalimitrofe-cbnr.com\/index.php\/wp-json\/wp\/v2\/comments?post=19679"}],"version-history":[{"count":1,"href":"https:\/\/zonalimitrofe-cbnr.com\/index.php\/wp-json\/wp\/v2\/posts\/19679\/revisions"}],"predecessor-version":[{"id":19681,"href":"https:\/\/zonalimitrofe-cbnr.com\/index.php\/wp-json\/wp\/v2\/posts\/19679\/revisions\/19681"}],"wp:featuredmedia":[{"embeddable":true,"href":"https:\/\/zonalimitrofe-cbnr.com\/index.php\/wp-json\/wp\/v2\/media\/19680"}],"wp:attachment":[{"href":"https:\/\/zonalimitrofe-cbnr.com\/index.php\/wp-json\/wp\/v2\/media?parent=19679"}],"wp:term":[{"taxonomy":"category","embeddable":true,"href":"https:\/\/zonalimitrofe-cbnr.com\/index.php\/wp-json\/wp\/v2\/categories?post=19679"},{"taxonomy":"post_tag","embeddable":true,"href":"https:\/\/zonalimitrofe-cbnr.com\/index.php\/wp-json\/wp\/v2\/tags?post=19679"}],"curies":[{"name":"wp","href":"https:\/\/api.w.org\/{rel}","templated":true}]}}