{"id":19676,"date":"2025-05-02T19:42:22","date_gmt":"2025-05-03T01:42:22","guid":{"rendered":"https:\/\/zonalimitrofe-cbnr.com\/?p=19676"},"modified":"2025-05-02T19:42:22","modified_gmt":"2025-05-03T01:42:22","slug":"congresocoahuila-participa-congreso-de-coahuila-en-la-feria-del-libro-2025-rinden-homenaje-a-miguel-ramos-arizpe","status":"publish","type":"post","link":"https:\/\/zonalimitrofe-cbnr.com\/index.php\/2025\/05\/02\/congresocoahuila-participa-congreso-de-coahuila-en-la-feria-del-libro-2025-rinden-homenaje-a-miguel-ramos-arizpe\/","title":{"rendered":"#CongresoCoahuila. Participa Congreso de Coahuila en la Feria del Libro 2025, rinden homenaje a Miguel Ramos Arizpe"},"content":{"rendered":"\n<p><strong>Saltillo, Coahuila a 01 de mayo de 2025.-<\/strong> El Congreso del Estado de Coahuila est\u00e1 participando en la 27\u00aa edici\u00f3n de la Feria Internacional del Libro Coahuila 2025 con un stand dedicado a ilustre coahuilense Miguel Ramos Arizpe, conocido como el principal impulsor del federalismo en M\u00e9xico, asimismo con motivo del 250 aniversario de su natalicio, por lo cual se invita a las y los visitantes de la fiesta de las letras a visitar este espacio donde podr\u00e1n encontrar arte, cultura e historia. El stand del Congreso presenta una reproducci\u00f3n del mural en homenaje al \u201cPadre del Federalismo\u201d, obra del pintor coahuilense Eloy Cerecero la cual se ubica en el vest\u00edbulo que da acceso al Sal\u00f3n de Sesiones del Palacio Legislativo. Esta pieza realiza una distinci\u00f3n especial a quien fuera uno de los art\u00edfices de la primera constituci\u00f3n del pa\u00eds. Asimismo los visitantes podr\u00e1n conocer m\u00e1s sobre la funci\u00f3n del Poder Legislativo as\u00ed como de las y los diputados locales, admirar importantes documentos y fotograf\u00edas hist\u00f3ricas, as\u00ed como la r\u00e9plica de una curul para tomarse la foto del recuerdo. Como parte de la participaci\u00f3n del Poder Legislativo local en la Feria Internacional del Libro Coahuila 2025, se llevar\u00e1 a cabo la presentaci\u00f3n de la m\u00e1s reciente publicaci\u00f3n: \u201cConstituci\u00f3n Pol\u00edtica Reformada de Coahuila 1852&#8243;. El evento tendr\u00e1 lugar el martes 6 de mayo de 2025, a las 19:00 horas, en la Sala Enriqueta Ochoa, en las instalaciones de la Universidad Aut\u00f3noma de Coahuila, Campus Arteaga. La presentaci\u00f3n estar\u00e1 a cargo de la presidenta de la Junta de Gobierno del Congreso, diputada Luz Elena Guadalupe Morales N\u00fa\u00f1ez; el doctor Miguel Felipe Mery Ayup y el maestro Alberto Cortines Boardman.<\/p>\n","protected":false},"excerpt":{"rendered":"<p>Saltillo, Coahuila a 01 de mayo de 2025.- El Congreso del Estado de Coahuila est\u00e1 participando en la 27\u00aa edici\u00f3n de la Feria Internacional del Libro Coahuila 2025 con un stand dedicado a ilustre coahuilense Miguel Ramos Arizpe, conocido como el principal impulsor del federalismo en M\u00e9xico, asimismo con motivo del 250 aniversario de su [&hellip;]<\/p>\n","protected":false},"author":1,"featured_media":19677,"comment_status":"open","ping_status":"open","sticky":false,"template":"","format":"standard","meta":{"_monsterinsights_skip_tracking":false,"_monsterinsights_sitenote_active":false,"_monsterinsights_sitenote_note":"","_monsterinsights_sitenote_category":0,"footnotes":""},"categories":[1],"tags":[],"_links":{"self":[{"href":"https:\/\/zonalimitrofe-cbnr.com\/index.php\/wp-json\/wp\/v2\/posts\/19676"}],"collection":[{"href":"https:\/\/zonalimitrofe-cbnr.com\/index.php\/wp-json\/wp\/v2\/posts"}],"about":[{"href":"https:\/\/zonalimitrofe-cbnr.com\/index.php\/wp-json\/wp\/v2\/types\/post"}],"author":[{"embeddable":true,"href":"https:\/\/zonalimitrofe-cbnr.com\/index.php\/wp-json\/wp\/v2\/users\/1"}],"replies":[{"embeddable":true,"href":"https:\/\/zonalimitrofe-cbnr.com\/index.php\/wp-json\/wp\/v2\/comments?post=19676"}],"version-history":[{"count":1,"href":"https:\/\/zonalimitrofe-cbnr.com\/index.php\/wp-json\/wp\/v2\/posts\/19676\/revisions"}],"predecessor-version":[{"id":19678,"href":"https:\/\/zonalimitrofe-cbnr.com\/index.php\/wp-json\/wp\/v2\/posts\/19676\/revisions\/19678"}],"wp:featuredmedia":[{"embeddable":true,"href":"https:\/\/zonalimitrofe-cbnr.com\/index.php\/wp-json\/wp\/v2\/media\/19677"}],"wp:attachment":[{"href":"https:\/\/zonalimitrofe-cbnr.com\/index.php\/wp-json\/wp\/v2\/media?parent=19676"}],"wp:term":[{"taxonomy":"category","embeddable":true,"href":"https:\/\/zonalimitrofe-cbnr.com\/index.php\/wp-json\/wp\/v2\/categories?post=19676"},{"taxonomy":"post_tag","embeddable":true,"href":"https:\/\/zonalimitrofe-cbnr.com\/index.php\/wp-json\/wp\/v2\/tags?post=19676"}],"curies":[{"name":"wp","href":"https:\/\/api.w.org\/{rel}","templated":true}]}}