{"id":19659,"date":"2025-05-01T17:43:41","date_gmt":"2025-05-01T23:43:41","guid":{"rendered":"https:\/\/zonalimitrofe-cbnr.com\/?p=19659"},"modified":"2025-05-01T17:43:41","modified_gmt":"2025-05-01T23:43:41","slug":"durango-concierto-cuadros-de-una-exposicion-por-parte-del-duo-petrof-directores-del-conservatorio-de-musica-de-durangosede-secretaria-de-educacion-publica-federal-museo-vivo-del-muralismo","status":"publish","type":"post","link":"https:\/\/zonalimitrofe-cbnr.com\/index.php\/2025\/05\/01\/durango-concierto-cuadros-de-una-exposicion-por-parte-del-duo-petrof-directores-del-conservatorio-de-musica-de-durangosede-secretaria-de-educacion-publica-federal-museo-vivo-del-muralismo\/","title":{"rendered":"#Durango. Concierto Cuadros de una Exposici\u00f3n por parte del D\u00fao Petrof, directores del Conservatorio de M\u00fasica de DurangoSede: Secretar\u00eda de Educaci\u00f3n P\u00fablica federal (Museo Vivo del Muralismo)"},"content":{"rendered":"\n<p><br>A ra\u00edz de la visita de la presidenta de la rep\u00fablica a Durango, en el mes de febrero el titular de la SEP, Mario Delgado Carrillo, visit\u00f3 el Conservatorio de M\u00fasica de Durango.<br>Como fruto de la visita, el funcionario federal impuls\u00f3 el concierto en la CDMX, en sinergia con el gobierno de Durango.<br>Delgado Carrillo reconoci\u00f3 el impulso a la educaci\u00f3n y a la cultura del gobernador Esteban Villegas Villarreal, al hacer posible que una instituci\u00f3n como el Conservatorio, dirigida por dos pianistas de talla internacional se instale en el estado, con el objetivo de fortalecer la cultura musical entre los j\u00f3venes duranguenses.<br>En el marco del concierto, Mario Delgado Carrillo, titular de la SEP y la Secretaria de Cultura del Gobierno Federal, Claudia Curiel Icaza, reconocieron a Esteban Villegas por el Conservatorio de M\u00fasica.<br>Asimismo, por ser punta de lanza en el Concurso de Canto de la presidenta Claudia Sheinbaum<\/p>\n\n\n\n<p>Participaron el D\u00fao Petrof, Anatoly Zatin y Vlada Zatine.<br>Los acompa\u00f1\u00f3 el ganador del concurso nacional de piano, Leo Miranda, de tan solo 14 a\u00f1os de edad.<br>Asistieron alrededor de 400 personas, entre funcionarios del Gobierno Federal, Fundaci\u00f3n Azteca, empresarios y sociedad civil.<\/p>\n\n\n\n<p><br><em>*Mario Delgado Carrillo, Secretario de Educaci\u00f3n P\u00fablica en el pa\u00eds: *<\/em><br>El gobernador Esteban Villegas hizo posible que estemos aqu\u00ed. Muchas gracias al Gobernador de Durango, muchas gracias a Guillermo Adame.<\/p>\n\n\n\n<p><em>*Claudia Curiel Icaza, Secretaria de Cultura del pa\u00eds: *<\/em><\/p>\n\n\n\n<p>Agradecerle al Secretario, a todos los amigos de Durango, en especial al Gobernador Esteban Villegas, con quienes estamos una sinergia con la m\u00fasica, muy importante, como el concurso M\u00e9xico Canta.<\/p>\n","protected":false},"excerpt":{"rendered":"<p>A ra\u00edz de la visita de la presidenta de la rep\u00fablica a Durango, en el mes de febrero el titular de la SEP, Mario Delgado Carrillo, visit\u00f3 el Conservatorio de M\u00fasica de Durango.Como fruto de la visita, el funcionario federal impuls\u00f3 el concierto en la CDMX, en sinergia con el gobierno de Durango.Delgado Carrillo reconoci\u00f3 [&hellip;]<\/p>\n","protected":false},"author":1,"featured_media":19660,"comment_status":"open","ping_status":"open","sticky":false,"template":"","format":"standard","meta":{"_monsterinsights_skip_tracking":false,"_monsterinsights_sitenote_active":false,"_monsterinsights_sitenote_note":"","_monsterinsights_sitenote_category":0,"footnotes":""},"categories":[1],"tags":[],"_links":{"self":[{"href":"https:\/\/zonalimitrofe-cbnr.com\/index.php\/wp-json\/wp\/v2\/posts\/19659"}],"collection":[{"href":"https:\/\/zonalimitrofe-cbnr.com\/index.php\/wp-json\/wp\/v2\/posts"}],"about":[{"href":"https:\/\/zonalimitrofe-cbnr.com\/index.php\/wp-json\/wp\/v2\/types\/post"}],"author":[{"embeddable":true,"href":"https:\/\/zonalimitrofe-cbnr.com\/index.php\/wp-json\/wp\/v2\/users\/1"}],"replies":[{"embeddable":true,"href":"https:\/\/zonalimitrofe-cbnr.com\/index.php\/wp-json\/wp\/v2\/comments?post=19659"}],"version-history":[{"count":1,"href":"https:\/\/zonalimitrofe-cbnr.com\/index.php\/wp-json\/wp\/v2\/posts\/19659\/revisions"}],"predecessor-version":[{"id":19661,"href":"https:\/\/zonalimitrofe-cbnr.com\/index.php\/wp-json\/wp\/v2\/posts\/19659\/revisions\/19661"}],"wp:featuredmedia":[{"embeddable":true,"href":"https:\/\/zonalimitrofe-cbnr.com\/index.php\/wp-json\/wp\/v2\/media\/19660"}],"wp:attachment":[{"href":"https:\/\/zonalimitrofe-cbnr.com\/index.php\/wp-json\/wp\/v2\/media?parent=19659"}],"wp:term":[{"taxonomy":"category","embeddable":true,"href":"https:\/\/zonalimitrofe-cbnr.com\/index.php\/wp-json\/wp\/v2\/categories?post=19659"},{"taxonomy":"post_tag","embeddable":true,"href":"https:\/\/zonalimitrofe-cbnr.com\/index.php\/wp-json\/wp\/v2\/tags?post=19659"}],"curies":[{"name":"wp","href":"https:\/\/api.w.org\/{rel}","templated":true}]}}