{"id":19647,"date":"2025-05-01T17:28:54","date_gmt":"2025-05-01T23:28:54","guid":{"rendered":"https:\/\/zonalimitrofe-cbnr.com\/?p=19647"},"modified":"2025-05-01T17:28:54","modified_gmt":"2025-05-01T23:28:54","slug":"campanasdurango-los-200-ex-liderazgos-morenistas-seran-de-gran-apoyo-al-proyecto-de-susy-torrecillas-ccrlas-estructuras-del-pri-y-pan-intensifican-trabajos-de-campana-politica","status":"publish","type":"post","link":"https:\/\/zonalimitrofe-cbnr.com\/index.php\/2025\/05\/01\/campanasdurango-los-200-ex-liderazgos-morenistas-seran-de-gran-apoyo-al-proyecto-de-susy-torrecillas-ccrlas-estructuras-del-pri-y-pan-intensifican-trabajos-de-campana-politica\/","title":{"rendered":"#Campa\u00f1asDurango. Los 200 ex liderazgos morenistas ser\u00e1n de gran apoyo al proyecto de Susy Torrecillas: CCRLas estructuras del PRI y PAN intensifican trabajos de campa\u00f1a pol\u00edtica"},"content":{"rendered":"\n<p>Lerdo, Dgo. Luego de resaltar la adhesi\u00f3n de doscientos liderazgos entre presidentes de comit\u00e9s y familias del grupo G4T al proyecto de Susy Torrecillas, candidata de la alianza \u201cUnidad y Grandeza\u201d, el dirigente del PRI en Lerdo Carlos Cruz Ram\u00edrez remarc\u00f3 que sin duda alguna ser\u00e1n de gran suma y apoyo al proyecto de gobierno de la abanderada priista; por lo que los buenos resultados se reflejar\u00e1n el d\u00eda del proceso electoral constitucional.<\/p>\n\n\n\n<p>Lo anterior lo declar\u00f3 tras ser cuestionado sobre el particular, por lo que a\u00f1adi\u00f3 que los ex morenistas no dudaron en ser parte del proyecto ganador de Susy Torrecillas, a quien defini\u00f3 como una mujer de palabra, profesional, con experiencia en el servicio p\u00fablico y sobre todo de muchos resultados.<\/p>\n\n\n\n<p>Por tal motivo, Carlos Cruz a\u00f1adi\u00f3 que los ex morenistas no dudaron en ser parte del trabajo y visi\u00f3n de Susy Torrecillas al contar con el enorme apoyo de la sociedad civil de Lerdo, a fin de lograr el triunfo el primero de junio pr\u00f3ximo.<\/p>\n\n\n\n<p>Cabe mencionar que el pasado martes 29 de abril, la candidata a alcaldesa de la alianza en com\u00fan PRI-PAN, Susy Torrecillas oficializ\u00f3 la adhesi\u00f3n de cincuenta liderazgos, as\u00ed como ochenta presidentes de comit\u00e9s y cuarenta familias del grupo G4T y ahora ex morenistas, los cuales ya fueron integrados al trabajo de campa\u00f1a pol\u00edtica.<\/p>\n\n\n\n<p>Incluso, la aspirante<br>reconoci\u00f3 los liderazgos en menci\u00f3n, a quienes les remarc\u00f3 que en su proyecto todos son bien recibidos en virtud de que se busca el bien, as\u00ed como el desarrollo econ\u00f3mico y urbano de Lerdo.<\/p>\n\n\n\n<p>Finalmente, Carlos Cruz inform\u00f3 que tanto los comit\u00e9s del PRI y PAN aplican trabajos coordinados a la campa\u00f1a pol\u00edtica de Susy Torrecillas, a fin de que las dos estructuras que suman m\u00e1s de 25 mil militantes fortalezcan la oferta del proyecto ganador de sus candidata.<\/p>\n","protected":false},"excerpt":{"rendered":"<p>Lerdo, Dgo. Luego de resaltar la adhesi\u00f3n de doscientos liderazgos entre presidentes de comit\u00e9s y familias del grupo G4T al proyecto de Susy Torrecillas, candidata de la alianza \u201cUnidad y Grandeza\u201d, el dirigente del PRI en Lerdo Carlos Cruz Ram\u00edrez remarc\u00f3 que sin duda alguna ser\u00e1n de gran suma y apoyo al proyecto de gobierno [&hellip;]<\/p>\n","protected":false},"author":1,"featured_media":19648,"comment_status":"open","ping_status":"open","sticky":false,"template":"","format":"standard","meta":{"_monsterinsights_skip_tracking":false,"_monsterinsights_sitenote_active":false,"_monsterinsights_sitenote_note":"","_monsterinsights_sitenote_category":0,"footnotes":""},"categories":[1],"tags":[],"_links":{"self":[{"href":"https:\/\/zonalimitrofe-cbnr.com\/index.php\/wp-json\/wp\/v2\/posts\/19647"}],"collection":[{"href":"https:\/\/zonalimitrofe-cbnr.com\/index.php\/wp-json\/wp\/v2\/posts"}],"about":[{"href":"https:\/\/zonalimitrofe-cbnr.com\/index.php\/wp-json\/wp\/v2\/types\/post"}],"author":[{"embeddable":true,"href":"https:\/\/zonalimitrofe-cbnr.com\/index.php\/wp-json\/wp\/v2\/users\/1"}],"replies":[{"embeddable":true,"href":"https:\/\/zonalimitrofe-cbnr.com\/index.php\/wp-json\/wp\/v2\/comments?post=19647"}],"version-history":[{"count":1,"href":"https:\/\/zonalimitrofe-cbnr.com\/index.php\/wp-json\/wp\/v2\/posts\/19647\/revisions"}],"predecessor-version":[{"id":19649,"href":"https:\/\/zonalimitrofe-cbnr.com\/index.php\/wp-json\/wp\/v2\/posts\/19647\/revisions\/19649"}],"wp:featuredmedia":[{"embeddable":true,"href":"https:\/\/zonalimitrofe-cbnr.com\/index.php\/wp-json\/wp\/v2\/media\/19648"}],"wp:attachment":[{"href":"https:\/\/zonalimitrofe-cbnr.com\/index.php\/wp-json\/wp\/v2\/media?parent=19647"}],"wp:term":[{"taxonomy":"category","embeddable":true,"href":"https:\/\/zonalimitrofe-cbnr.com\/index.php\/wp-json\/wp\/v2\/categories?post=19647"},{"taxonomy":"post_tag","embeddable":true,"href":"https:\/\/zonalimitrofe-cbnr.com\/index.php\/wp-json\/wp\/v2\/tags?post=19647"}],"curies":[{"name":"wp","href":"https:\/\/api.w.org\/{rel}","templated":true}]}}