{"id":19644,"date":"2025-05-01T17:23:37","date_gmt":"2025-05-01T23:23:37","guid":{"rendered":"https:\/\/zonalimitrofe-cbnr.com\/?p=19644"},"modified":"2025-05-01T17:23:37","modified_gmt":"2025-05-01T23:23:37","slug":"durango-conmemoracion-del-dia-del-trabajo","status":"publish","type":"post","link":"https:\/\/zonalimitrofe-cbnr.com\/index.php\/2025\/05\/01\/durango-conmemoracion-del-dia-del-trabajo\/","title":{"rendered":"#Durango. Conmemoraci\u00f3n del D\u00eda del Trabajo"},"content":{"rendered":"\n<p><br>El gobernador Esteban Villegas Villareal conmemora esta fecha tan importante para el pa\u00eds y reafirma su compromiso de mantener un di\u00e1logo franco, abierto y respetuoso con todas y cada una de las organizaciones de trabajadores de la entidad, as\u00ed como de velar por los derechos individuales y colectivos de los trabajadores.<\/p>\n\n\n\n<p>Hacemos todo lo que est\u00e1 en nuestras manos, atrayendo empresas con condiciones justas y oportunidades de crecimiento. Venimos a agarrar el toro por los cuernos, y darle para adelante, va a renacer en el campo, en cada centro de trabajo, en cada rinc\u00f3n del estado, por ello, se requiere de todos nosotros, ser la generaci\u00f3n que esperamos por mucho tiempo.<\/p>\n\n\n\n<p>Somos de los lugares m\u00e1s seguros del pa\u00eds, el n\u00famero uno junto con Yucat\u00e1n y m\u00e1s de 20 a\u00f1os sin huelga, por ello, las mejores contrataciones no son empleos ni empleados, son aliados y para eso trabajamos de la mano con sectores productivos, sindicatos y sociedad civil para construir un Durango de oportunidades.<\/p>\n\n\n\n<p>Liderar con empat\u00eda y dignidad humana encima de cualquier ambici\u00f3n, hoy m\u00e1s que nunca, Durango necesita de nuestra unidad, &#8220;con ustedes todo, sin ustedes nasa, son nuestra familia, nuestro hogar&#8217;.<\/p>\n\n\n\n<p>Hoy rendimos un homenaje a nuestros trabajadores, gracias por ser el coraz\u00f3n que late, nunca rendirse, la capacidad de sus mentes y amor a su tierra, como un dirigente de hace muchos a\u00f1os, que le tengo gran cari\u00f1o, -a don Javier Covarrubias-, decano, gracias por estar aqu\u00ed, como a todos los l\u00edderes de la entidad, de quienes tengo buenas experiencias.<\/p>\n\n\n\n<p>Recuerdo cuando era l\u00edder estudiantil y en esa \u00e9poca me tocaba luchar por los derechos de los estudiantes, siempre con mucho respeto.<\/p>\n\n\n\n<p>Aqu\u00ed nos ense\u00f1aron a trabajar, ustedes son el verdadero coraz\u00f3n de Durango y que unidos sigamos construyendo un estado m\u00e1s fuerte y solidario, con bases s\u00f3lida y pasi\u00f3n, que la llegada de nuevas inversiones y m\u00e1s infraestructura nuestras ni\u00f1as y ni\u00f1os vivan el Durango anhelado.<\/p>\n\n\n\n<p>Cuenten con todo mi apoyo y respeto, me la voy a jugar con ustedes, de la mano de su gente para renacer con empleos dignos, porque Durango est\u00e1 por vivir etapa in\u00e9dita, est\u00e1 planeado y dirigido a donde debimos estar desde hace mucho tiempo.<\/p>\n\n\n\n<p>El proyecto de Agua Saludable se ve\u00eda lejano, la planta potabilizadora, hoy es una realidad, va a garantizar por muchos a\u00f1os El vital l\u00edquido, en este a\u00f1o inicia licitaci\u00f3n para la presa Tunal II, esos son proyectos que cambian vidas. Estamos por generar poco m\u00e1s de 30 mil empleos directos y bien pagados, por lo que se va a requerir ampliar servicios como la infraestructura de salud, estamos generando un nuevo hospital del ISSSTE para contemplarlo en el presupuesto 2025. Quiero ofrecerles a ustedes, a trav\u00e9s de mi esposa Marisol Rosso, llevar la ruta de la Salud a sus empresas, todo gratuito para ayudar a las instituciones de salud.<\/p>\n\n\n\n<p>Hoy tenemos que ponernos las pilas como gobierno y lograr todos estos sue\u00f1os, vienen grandes proyectos como dos Data Center, Durango se est\u00e1 convirtiendo en referente en tecnolog\u00eda.<\/p>\n\n\n\n<p>Este gobierno siempre tendr\u00e1 los o\u00eddos abiertos para poderlos escuchar, la mano firme para poderlos atender y para juntos luchar si hay alguna injusticia para los trabajadores, que vivan los trabajadores y los sindicatos, trabajar en unidad para que no lleguen otros que se abanderan como sindicatos y que lo \u00fanico que quieren es desestabilizar a Durango, por eso mantenernos juntos para que crezca estado y renazca ese orgullo que le tenemos a nuestra tierra, \u00a1Felicidades, que vivan los trabajadores y que viva el sindicalismo en Durango!<\/p>\n\n\n\n<p>Ustedes que est\u00e1n ocupados para que sus agremiados tengan mejores condiciones, y rememorando a las luchas, como en esta ocasi\u00f3n, aprovechar de buscar esa labor continua y en solidaridad con quien no tiene mejores condiciones con alg\u00fan subsidio o una ayuda.<\/p>\n\n\n\n<p>Tuvimos la oportunidad de ser testigos en los dos a\u00f1os de la administraci\u00f3n estatal, testificar sobre m\u00e1s y mejores oportunidades de trabajo.<\/p>\n\n\n\n<p>Tenemos la fortuna de formar equipo con el Ejecutivo Estatal, lo que ha fortalecido las acciones gubernamentales.<\/p>\n\n\n\n<p>Agradecemos su respaldo que en todo momento brinda a las y los trabajadores, por reconocer la lucha, por generar condiciones justas y mejores oportunidades de crecimiento laboral y profesional en el Estado.<\/p>\n\n\n\n<p>Comprometido con la estabilidad laboral y en la faena de atraer m\u00e1s y mejores inversiones, para fortalecer los empleos en la entidad, con justicia y dignidad para todos los trabajadores.<\/p>\n\n\n\n<p>A las y los dirigentes de las organizaciones sindicales, les externamos nuestro reconocimiento especial, como actores clave en la construcci\u00f3n del equilibrio entre los factores de la producci\u00f3n, siempre apegados al marco del di\u00e1logo social y la negociaci\u00f3n colectiva.<\/p>\n\n\n\n<p>El primero de mayo es un d\u00eda de conmemoraci\u00f3n donde tenemos que referirnos a hechos lamentables qu\u00e9 comienzan en Chicago, pero que en M\u00e9xico se tiene cinco eventos sobre la lucha de los derechos de los trabajadores, como en Cananea.<\/p>\n\n\n\n<p>Es una lucha global, nos unen lazos, de enfrentarse a las adversidades en los espacios de trabajo, con una gran responsabilidad por parte de las diligencias sindicales; debemos responderle a los trabajadores.<\/p>\n\n\n\n<p>Dato Adicional:<br>Se entreg\u00f3 reconocimiento a 16 organizaciones sindicales por su colaboraci\u00f3n, desde su gremio, por un mejor Durango.<\/p>\n\n\n\n<p>Sobre el D\u00eda del Trabajo:<br>En conmemoraci\u00f3n a las luchas sociales y laborales, as\u00ed como la conquista de los derechos de los trabajadores obtenidos en el transcurso de los a\u00f1os y en recuerdo de los m\u00e1rtires de chicago.<\/p>\n\n\n\n<p>En el Acto C\u00edvico de los honores a la bandera:<\/p>\n\n\n\n<ul>\n<li>Escolta y banda de guerra de la Benem\u00e9rita y Centenaria Escuela Normal del Estado<\/li>\n\n\n\n<li>La Orquesta Sinf\u00f3nica de Durango<\/li>\n<\/ul>\n","protected":false},"excerpt":{"rendered":"<p>El gobernador Esteban Villegas Villareal conmemora esta fecha tan importante para el pa\u00eds y reafirma su compromiso de mantener un di\u00e1logo franco, abierto y respetuoso con todas y cada una de las organizaciones de trabajadores de la entidad, as\u00ed como de velar por los derechos individuales y colectivos de los trabajadores. Hacemos todo lo que [&hellip;]<\/p>\n","protected":false},"author":1,"featured_media":19645,"comment_status":"open","ping_status":"open","sticky":false,"template":"","format":"standard","meta":{"_monsterinsights_skip_tracking":false,"_monsterinsights_sitenote_active":false,"_monsterinsights_sitenote_note":"","_monsterinsights_sitenote_category":0,"footnotes":""},"categories":[1],"tags":[],"_links":{"self":[{"href":"https:\/\/zonalimitrofe-cbnr.com\/index.php\/wp-json\/wp\/v2\/posts\/19644"}],"collection":[{"href":"https:\/\/zonalimitrofe-cbnr.com\/index.php\/wp-json\/wp\/v2\/posts"}],"about":[{"href":"https:\/\/zonalimitrofe-cbnr.com\/index.php\/wp-json\/wp\/v2\/types\/post"}],"author":[{"embeddable":true,"href":"https:\/\/zonalimitrofe-cbnr.com\/index.php\/wp-json\/wp\/v2\/users\/1"}],"replies":[{"embeddable":true,"href":"https:\/\/zonalimitrofe-cbnr.com\/index.php\/wp-json\/wp\/v2\/comments?post=19644"}],"version-history":[{"count":1,"href":"https:\/\/zonalimitrofe-cbnr.com\/index.php\/wp-json\/wp\/v2\/posts\/19644\/revisions"}],"predecessor-version":[{"id":19646,"href":"https:\/\/zonalimitrofe-cbnr.com\/index.php\/wp-json\/wp\/v2\/posts\/19644\/revisions\/19646"}],"wp:featuredmedia":[{"embeddable":true,"href":"https:\/\/zonalimitrofe-cbnr.com\/index.php\/wp-json\/wp\/v2\/media\/19645"}],"wp:attachment":[{"href":"https:\/\/zonalimitrofe-cbnr.com\/index.php\/wp-json\/wp\/v2\/media?parent=19644"}],"wp:term":[{"taxonomy":"category","embeddable":true,"href":"https:\/\/zonalimitrofe-cbnr.com\/index.php\/wp-json\/wp\/v2\/categories?post=19644"},{"taxonomy":"post_tag","embeddable":true,"href":"https:\/\/zonalimitrofe-cbnr.com\/index.php\/wp-json\/wp\/v2\/tags?post=19644"}],"curies":[{"name":"wp","href":"https:\/\/api.w.org\/{rel}","templated":true}]}}