{"id":1955,"date":"2024-02-19T16:04:30","date_gmt":"2024-02-19T22:04:30","guid":{"rendered":"https:\/\/zonalimitrofe-cbnr.com\/?p=1955"},"modified":"2024-02-19T16:04:31","modified_gmt":"2024-02-19T22:04:31","slug":"durango-trabajo-y-coordinacion-con-ejercito-mexicano-durango-sigue-siendo-de-las-entidades-mas-seguras-del-pais-esteban","status":"publish","type":"post","link":"https:\/\/zonalimitrofe-cbnr.com\/index.php\/2024\/02\/19\/durango-trabajo-y-coordinacion-con-ejercito-mexicano-durango-sigue-siendo-de-las-entidades-mas-seguras-del-pais-esteban\/","title":{"rendered":"#Durango. Trabajo y coordinaci\u00f3n con Ej\u00e9rcito Mexicano; Durango sigue siendo de las entidades m\u00e1s seguras del pa\u00eds: Esteban*"},"content":{"rendered":"\n<ul>\n<li><em>Encabeza Gobernador dep\u00f3sito de ofrenda floral en monumento al Defensor de la Patria por 111 Aniversario y celebra junto a personal militar su d\u00eda.<\/em><\/li>\n\n\n\n<li><em>\u201cContinuaremos trabajando como una instituci\u00f3n responsable y garante de la soberan\u00eda nacional\u201d: Manuel Velasco Villanueva, comandante de la X Zona Militar.<\/em><\/li>\n<\/ul>\n\n\n\n<p>Durango est\u00e1 entre las cinco entidades m\u00e1s seguras del pa\u00eds y esto es gracias al trabajo, coordinaci\u00f3n y dedicaci\u00f3n del Ej\u00e9rcito Mexicano que nos apoya siempre en contingencias, desastres naturales, incendios forestales, inundaciones, sequ\u00eda y m\u00e1s, reconoci\u00f3 el gobernador Esteban Villegas Villarreal, al conmemorar el 111 Aniversario de esta instituci\u00f3n.<\/p>\n\n\n\n<p>En el marco del D\u00eda del Ej\u00e9rcito Mexicano, Villegas Villarreal, agradeci\u00f3 al general Manuel Velasco, el respaldo que le han brindado a la entidad, ya que con ello, se mantiene entre las m\u00e1s seguras de M\u00e9xico, lo cual, ha sido fundamental para que este 2024, lleguen m\u00e1s empresas e inversiones.<\/p>\n\n\n\n<p>Durango no se podr\u00eda concebir en este momentos sin la ayuda del Ej\u00e9rcito Mexicano y despu\u00e9s de haber vivido momentos complejos, ahora la sociedad est\u00e1 tranquila, segura y en paz, asegur\u00f3 el Mandatario Estatal al encabezar los actos conmemorativos; primero con el dep\u00f3sito de una ofrenda floral en el monumento al Defensor de la Patria y despu\u00e9s, celebrar junto al personal militar, a quienes reconoci\u00f3 su esfuerzo y dedicaci\u00f3n.<\/p>\n\n\n\n<p>\u201cSiempre tendr\u00e1n todo el respaldo, respeto y admiraci\u00f3n del Gobierno del Estado por el trabajo que realizan y por el amor que le tienen a M\u00e9xico, cuenten con mi apoyo\u201d, les dijo a hombres y mujeres que forman parte de las fuerzas castrenses, adem\u00e1s de reiterar su compromiso de actuar coordinados y mantener los mejores niveles de seguridad en Durango.<\/p>\n\n\n\n<p>Por su parte, el general Manuel Alejandro Velasco Villanueva, comandante de la D\u00e9cima Zona Militar, asegur\u00f3 al pueblo de Durango que continuar\u00e1n trabajando como una instituci\u00f3n responsable y con la convicci\u00f3n de seguir siendo garantes de la soberan\u00eda nacional, y ante los escenarios actuales y futuros, seguir\u00e1n siendo el factor y la herramienta primordial del Estado Mexicano para promover un entorno de equilibrio social y fortalecer el desarrollo nacional.<\/p>\n\n\n\n<p>En este acto de celebraci\u00f3n al Ej\u00e9rcito Mexicano, el Gobernador estuvo acompa\u00f1ado por el secretario General de Gobierno, H\u00e9ctor Vela Valenzuela, la fiscal, Sonia Yadira de la Garza Fragoso, el titular de Seguridad P\u00fablica, \u00d3scar Galv\u00e1n, el secretario de Educaci\u00f3n, Guillermo Adame Calder\u00f3n, el alcalde To\u00f1o Ochoa, Sandra Amaya, presidenta de la Junta de Gobierno y Coordinaci\u00f3n Pol\u00edtica del Congreso del Estado y Manuel Bravo Alonso, coordinador Estatal de la Guardia Nacional.<\/p>\n","protected":false},"excerpt":{"rendered":"<p>Durango est\u00e1 entre las cinco entidades m\u00e1s seguras del pa\u00eds y esto es gracias al trabajo, coordinaci\u00f3n y dedicaci\u00f3n del Ej\u00e9rcito Mexicano que nos apoya siempre en contingencias, desastres naturales, incendios forestales, inundaciones, sequ\u00eda y m\u00e1s, reconoci\u00f3 el gobernador Esteban Villegas Villarreal, al conmemorar el 111 Aniversario de esta instituci\u00f3n. En el marco del D\u00eda [&hellip;]<\/p>\n","protected":false},"author":1,"featured_media":1956,"comment_status":"open","ping_status":"open","sticky":false,"template":"","format":"standard","meta":{"_monsterinsights_skip_tracking":false,"_monsterinsights_sitenote_active":false,"_monsterinsights_sitenote_note":"","_monsterinsights_sitenote_category":0,"footnotes":""},"categories":[1],"tags":[],"_links":{"self":[{"href":"https:\/\/zonalimitrofe-cbnr.com\/index.php\/wp-json\/wp\/v2\/posts\/1955"}],"collection":[{"href":"https:\/\/zonalimitrofe-cbnr.com\/index.php\/wp-json\/wp\/v2\/posts"}],"about":[{"href":"https:\/\/zonalimitrofe-cbnr.com\/index.php\/wp-json\/wp\/v2\/types\/post"}],"author":[{"embeddable":true,"href":"https:\/\/zonalimitrofe-cbnr.com\/index.php\/wp-json\/wp\/v2\/users\/1"}],"replies":[{"embeddable":true,"href":"https:\/\/zonalimitrofe-cbnr.com\/index.php\/wp-json\/wp\/v2\/comments?post=1955"}],"version-history":[{"count":1,"href":"https:\/\/zonalimitrofe-cbnr.com\/index.php\/wp-json\/wp\/v2\/posts\/1955\/revisions"}],"predecessor-version":[{"id":1957,"href":"https:\/\/zonalimitrofe-cbnr.com\/index.php\/wp-json\/wp\/v2\/posts\/1955\/revisions\/1957"}],"wp:featuredmedia":[{"embeddable":true,"href":"https:\/\/zonalimitrofe-cbnr.com\/index.php\/wp-json\/wp\/v2\/media\/1956"}],"wp:attachment":[{"href":"https:\/\/zonalimitrofe-cbnr.com\/index.php\/wp-json\/wp\/v2\/media?parent=1955"}],"wp:term":[{"taxonomy":"category","embeddable":true,"href":"https:\/\/zonalimitrofe-cbnr.com\/index.php\/wp-json\/wp\/v2\/categories?post=1955"},{"taxonomy":"post_tag","embeddable":true,"href":"https:\/\/zonalimitrofe-cbnr.com\/index.php\/wp-json\/wp\/v2\/tags?post=1955"}],"curies":[{"name":"wp","href":"https:\/\/api.w.org\/{rel}","templated":true}]}}