{"id":1928,"date":"2024-02-17T22:54:08","date_gmt":"2024-02-18T04:54:08","guid":{"rendered":"https:\/\/zonalimitrofe-cbnr.com\/?p=1928"},"modified":"2024-02-17T22:54:08","modified_gmt":"2024-02-18T04:54:08","slug":"durango-esta-preparado-para-repuntar-desarrollo-industrial-y-social-con-mineria-sedeco","status":"publish","type":"post","link":"https:\/\/zonalimitrofe-cbnr.com\/index.php\/2024\/02\/17\/durango-esta-preparado-para-repuntar-desarrollo-industrial-y-social-con-mineria-sedeco\/","title":{"rendered":"#Durango est\u00e1 preparado para repuntar desarrollo industrial y social con miner\u00eda: SEDECO*"},"content":{"rendered":"\n<ul>\n<li><em>Gobierno de Esteban realiza el Foro \u201cAvances en la Reforma Minera, Expectativas 2024 en Permisos Ambientales\u201d.<\/em><\/li>\n<\/ul>\n\n\n\n<p>El Gobierno de Esteban Villegas, est\u00e1 preparado para que la miner\u00eda sea parte vital del desarrollo industrial y social de la entidad, expres\u00f3 el titular de la Secretar\u00eda de Desarrollo Econ\u00f3mico (SEDECO), Alfredo Herrera Deras, durante el Foro de \u201cAvances en la Reforma Minera, Expectativas 2024 en Permisos Ambientales\u201d.<\/p>\n\n\n\n<p>Esta industria atrae anualmente el 30 por ciento de la Inversi\u00f3n Extranjera Directa que llega a Durango, exporta el valor del 30 por ciento regional y se tiene el reto de aumentar la contribuci\u00f3n un 5 por ciento al PIB estatal del sector, para pasar de exportar y producir productos a manufacturas con cierto grado de transformaci\u00f3n, detall\u00f3 el Secretario a integrantes del Cl\u00faster Minero.<\/p>\n\n\n\n<p>La secretaria de Recursos Naturales y Medio Ambiente (SRNMA), Claudia Hern\u00e1ndez Espino, agradeci\u00f3 a los mineros por realizar este importante foro, y enfatiz\u00f3 que la actividad minera juega un papel crucial en el desarrollo econ\u00f3mico y tecnol\u00f3gico, al destacar que esto debe realizarse de manera responsable y sostenible para asegurar un equilibrio entre el aprovechamiento de los recursos naturales y la preservaci\u00f3n del ambiente.<\/p>\n\n\n\n<p>Vamos a trabajar en una miner\u00eda responsable que implica pr\u00e1cticas que minimicen el impacto ambiental, aseguren la protecci\u00f3n de los ecosistemas que promueven el uso eficiente de los recursos y que se garantice la salud y la seguridad de las comunidades locales, a\u00f1adi\u00f3 Hern\u00e1ndez Espino.<\/p>\n\n\n\n<p>Durante este foro se habl\u00f3 de los desaf\u00edos en materia de legislaci\u00f3n de la industria minera, lo que significan en producci\u00f3n e innovaci\u00f3n y el impacto que tendr\u00e1n en la contribuci\u00f3n al desarrollo econ\u00f3mico de la entidad, con las ponencias de \u201cActualizaci\u00f3n y Expectativas de la Reforma Minera y Permisos de Medio Ambiente 2024\u201d y una segunda platica sobre \u201cResiduos de Manejo Especial\u201d.<\/p>\n\n\n\n<p>Asistieron, Ana Mar\u00eda Gonz\u00e1lez, quien ser\u00e1 presidenta del Cl\u00faster Minero de Durango, la titular de la Comisi\u00f3n Estatal del Agua (CAED), Yadira Narv\u00e1ez, integrantes de PROFEPA, FIFOMI, SEMARNAT, as\u00ed como integrantes de este sector.<\/p>\n","protected":false},"excerpt":{"rendered":"<p>El Gobierno de Esteban Villegas, est\u00e1 preparado para que la miner\u00eda sea parte vital del desarrollo industrial y social de la entidad, expres\u00f3 el titular de la Secretar\u00eda de Desarrollo Econ\u00f3mico (SEDECO), Alfredo Herrera Deras, durante el Foro de \u201cAvances en la Reforma Minera, Expectativas 2024 en Permisos Ambientales\u201d. Esta industria atrae anualmente el 30 [&hellip;]<\/p>\n","protected":false},"author":1,"featured_media":1929,"comment_status":"open","ping_status":"open","sticky":false,"template":"","format":"standard","meta":{"_monsterinsights_skip_tracking":false,"_monsterinsights_sitenote_active":false,"_monsterinsights_sitenote_note":"","_monsterinsights_sitenote_category":0,"footnotes":""},"categories":[1],"tags":[],"_links":{"self":[{"href":"https:\/\/zonalimitrofe-cbnr.com\/index.php\/wp-json\/wp\/v2\/posts\/1928"}],"collection":[{"href":"https:\/\/zonalimitrofe-cbnr.com\/index.php\/wp-json\/wp\/v2\/posts"}],"about":[{"href":"https:\/\/zonalimitrofe-cbnr.com\/index.php\/wp-json\/wp\/v2\/types\/post"}],"author":[{"embeddable":true,"href":"https:\/\/zonalimitrofe-cbnr.com\/index.php\/wp-json\/wp\/v2\/users\/1"}],"replies":[{"embeddable":true,"href":"https:\/\/zonalimitrofe-cbnr.com\/index.php\/wp-json\/wp\/v2\/comments?post=1928"}],"version-history":[{"count":1,"href":"https:\/\/zonalimitrofe-cbnr.com\/index.php\/wp-json\/wp\/v2\/posts\/1928\/revisions"}],"predecessor-version":[{"id":1930,"href":"https:\/\/zonalimitrofe-cbnr.com\/index.php\/wp-json\/wp\/v2\/posts\/1928\/revisions\/1930"}],"wp:featuredmedia":[{"embeddable":true,"href":"https:\/\/zonalimitrofe-cbnr.com\/index.php\/wp-json\/wp\/v2\/media\/1929"}],"wp:attachment":[{"href":"https:\/\/zonalimitrofe-cbnr.com\/index.php\/wp-json\/wp\/v2\/media?parent=1928"}],"wp:term":[{"taxonomy":"category","embeddable":true,"href":"https:\/\/zonalimitrofe-cbnr.com\/index.php\/wp-json\/wp\/v2\/categories?post=1928"},{"taxonomy":"post_tag","embeddable":true,"href":"https:\/\/zonalimitrofe-cbnr.com\/index.php\/wp-json\/wp\/v2\/tags?post=1928"}],"curies":[{"name":"wp","href":"https:\/\/api.w.org\/{rel}","templated":true}]}}