{"id":1916,"date":"2024-02-17T22:39:06","date_gmt":"2024-02-18T04:39:06","guid":{"rendered":"https:\/\/zonalimitrofe-cbnr.com\/?p=1916"},"modified":"2024-02-17T22:39:06","modified_gmt":"2024-02-18T04:39:06","slug":"gp-presentan-exposicion-colectiva-de-arte-urbano","status":"publish","type":"post","link":"https:\/\/zonalimitrofe-cbnr.com\/index.php\/2024\/02\/17\/gp-presentan-exposicion-colectiva-de-arte-urbano\/","title":{"rendered":"#GP. Presentan \u201cExposici\u00f3n Colectiva de Arte Urbano\u201d*"},"content":{"rendered":"\n<p>+Se llevar\u00e1 a cabo en el Centro de Convenciones Francisco Zarco<\/p>\n\n\n\n<p>G\u00f3mez Palacio se prepara para recibir una exposici\u00f3n \u00fanica, que capturar\u00e1 la esencia del arte urbano contempor\u00e1neo, este jueves 29 de febrero, en punto de las 19:30 horas en el Centro de Convenciones Francisco Zarco.<\/p>\n\n\n\n<p>Melissa Reuter P\u00e9rez, titular de la Direcci\u00f3n de Arte y Cultura del municipio, manifest\u00f3 que la \u201cExposici\u00f3n Colectiva de Arte Urbano\u201d, tendr\u00e1 la participaci\u00f3n de los \u201cEscritores en doble fase\u201d, integrado por; Anko, M\u00e1scara, Vlerr, Armend\u00e1riz, Pepe El Toro es Inocente, y Alex Jandro.<\/p>\n\n\n\n<p>Reuter P\u00e9rez a\u00f1adi\u00f3 que, como parte de su compromiso por impulsar las manifestaciones art\u00edsticas en todas sus expresiones, la presidenta municipal Leticia Herrera Ale ha dado instrucciones para que se brinden todas las facilidades necesarias para la realizaci\u00f3n de este evento cultural.<\/p>\n\n\n\n<p>Esta muestra, recoge las obras m\u00e1s destacadas de los renombrados artistas urbanos de la Comarca Lagunera, quienes que se han encargado de brindar talleres en toda la regi\u00f3n, as\u00ed como en el Festival Cervantino en la Ciudad de Guanajuato.<\/p>\n\n\n\n<p>El evento, gratuito para todos los asistentes, presentar\u00e1 obras de los expresionistas urbanos de G\u00f3mez Palacio, que a lo largo de los a\u00f1os se han consolidado dentro de la comunidad y su misi\u00f3n es integrar a artistas emergentes y grafiteros con el fin de realizar intervenciones est\u00e9ticas urbanas, para el mejoramiento de la imagen de nuestro municipio, manifest\u00f3 la titular de Arte y Cultura.<\/p>\n","protected":false},"excerpt":{"rendered":"<p>+Se llevar\u00e1 a cabo en el Centro de Convenciones Francisco Zarco G\u00f3mez Palacio se prepara para recibir una exposici\u00f3n \u00fanica, que capturar\u00e1 la esencia del arte urbano contempor\u00e1neo, este jueves 29 de febrero, en punto de las 19:30 horas en el Centro de Convenciones Francisco Zarco. Melissa Reuter P\u00e9rez, titular de la Direcci\u00f3n de Arte [&hellip;]<\/p>\n","protected":false},"author":1,"featured_media":1917,"comment_status":"open","ping_status":"open","sticky":false,"template":"","format":"standard","meta":{"_monsterinsights_skip_tracking":false,"_monsterinsights_sitenote_active":false,"_monsterinsights_sitenote_note":"","_monsterinsights_sitenote_category":0,"footnotes":""},"categories":[1],"tags":[],"_links":{"self":[{"href":"https:\/\/zonalimitrofe-cbnr.com\/index.php\/wp-json\/wp\/v2\/posts\/1916"}],"collection":[{"href":"https:\/\/zonalimitrofe-cbnr.com\/index.php\/wp-json\/wp\/v2\/posts"}],"about":[{"href":"https:\/\/zonalimitrofe-cbnr.com\/index.php\/wp-json\/wp\/v2\/types\/post"}],"author":[{"embeddable":true,"href":"https:\/\/zonalimitrofe-cbnr.com\/index.php\/wp-json\/wp\/v2\/users\/1"}],"replies":[{"embeddable":true,"href":"https:\/\/zonalimitrofe-cbnr.com\/index.php\/wp-json\/wp\/v2\/comments?post=1916"}],"version-history":[{"count":1,"href":"https:\/\/zonalimitrofe-cbnr.com\/index.php\/wp-json\/wp\/v2\/posts\/1916\/revisions"}],"predecessor-version":[{"id":1918,"href":"https:\/\/zonalimitrofe-cbnr.com\/index.php\/wp-json\/wp\/v2\/posts\/1916\/revisions\/1918"}],"wp:featuredmedia":[{"embeddable":true,"href":"https:\/\/zonalimitrofe-cbnr.com\/index.php\/wp-json\/wp\/v2\/media\/1917"}],"wp:attachment":[{"href":"https:\/\/zonalimitrofe-cbnr.com\/index.php\/wp-json\/wp\/v2\/media?parent=1916"}],"wp:term":[{"taxonomy":"category","embeddable":true,"href":"https:\/\/zonalimitrofe-cbnr.com\/index.php\/wp-json\/wp\/v2\/categories?post=1916"},{"taxonomy":"post_tag","embeddable":true,"href":"https:\/\/zonalimitrofe-cbnr.com\/index.php\/wp-json\/wp\/v2\/tags?post=1916"}],"curies":[{"name":"wp","href":"https:\/\/api.w.org\/{rel}","templated":true}]}}