{"id":19105,"date":"2025-04-20T14:13:57","date_gmt":"2025-04-20T20:13:57","guid":{"rendered":"https:\/\/zonalimitrofe-cbnr.com\/?p=19105"},"modified":"2025-04-20T14:13:57","modified_gmt":"2025-04-20T20:13:57","slug":"campanasdurango-raul-meraz-recorre-el-centro-de-gomez-palacio-con-una-vision-de-mantener-y-mejorar-la-seguridad","status":"publish","type":"post","link":"https:\/\/zonalimitrofe-cbnr.com\/index.php\/2025\/04\/20\/campanasdurango-raul-meraz-recorre-el-centro-de-gomez-palacio-con-una-vision-de-mantener-y-mejorar-la-seguridad\/","title":{"rendered":"#Campa\u00f1asDurango. Ra\u00fal Meraz recorre el centro de G\u00f3mez Palacio con una visi\u00f3n de mantener y mejorar la seguridad"},"content":{"rendered":"\n<p>Como muestra del apoyo que est\u00e1 recibiendo el candidato a la Presidencia Municipal de G\u00f3mez Palacio por la Coalici\u00f3n PRI-PAN, Ra\u00fal Meraz, decenas de comerciantes ubicados en la avenida Victoria, en pleno sector centro de la ciudad, manifestaron su adhesi\u00f3n y simpat\u00eda por su proyecto de gobierno.<\/p>\n\n\n\n<p>A la par decenas de personas que transitaban por esta avenida realizando sus compras, tambi\u00e9n manifestaron que apoyar\u00edan el pr\u00f3ximo 01 de junio a Raul Meraz, ya que recibieron una explicaci\u00f3n muy clara del candidato, de las que ser\u00e1n sus acciones de gobierno para mantener la seguridad y tranquilidad en todo el municipio.<\/p>\n\n\n\n<p>De entre los comerciantes, hubo quienes recordaron c\u00f3mo fue la administraci\u00f3n de Morena en G\u00f3mez Palacio, cuando se acabaron los rondines policiacos, la vigilancia constante y se hicieron constantes los robos a sus negocios, debido a la falta de patrullas.<\/p>\n\n\n\n<p>Ra\u00fal Meraz se comprometi\u00f3 con los comerciantes y con sus clientes, a que la seguridad y la tranquilidad de los gomezpalatinos seguir\u00e1 siendo la prioridad, para que las ciudadanas y los ciudadanos caminen por la calle sabiendo que la polic\u00eda y su gobierno municipal, trabajan para cuidar de su bienestar.<\/p>\n\n\n\n<p>Por otro lado, el candidato de la Coalici\u00f3n PRI-PAN Unidad y Grandeza, particip\u00f3 en el homenaje de cuerpo presente para la compa\u00f1era l\u00edder popular y dos veces regidora, Isenia Galv\u00e1n, que se realiz\u00f3 en las instalaciones de la CNOP de G\u00f3mez Palacio.<\/p>\n\n\n\n<p>En el emotivo acto, Ra\u00fal reconoci\u00f3 el intenso trabajo de gesti\u00f3n, pol\u00edtico y de partido, que siempre caracteriz\u00f3 a la dirigente popular, quien falleci\u00f3 hace unos d\u00edas y sigue siendo un estandarte de lucha para las causas del PRI, durante muchos a\u00f1os.<\/p>\n\n\n\n<figure class=\"wp-block-image size-large\"><img loading=\"lazy\" decoding=\"async\" width=\"1024\" height=\"682\" src=\"https:\/\/zonalimitrofe-cbnr.com\/wp-content\/uploads\/2025\/04\/2-19-1024x682.jpeg\" alt=\"\" class=\"wp-image-19107\" srcset=\"https:\/\/zonalimitrofe-cbnr.com\/wp-content\/uploads\/2025\/04\/2-19-1024x682.jpeg 1024w, https:\/\/zonalimitrofe-cbnr.com\/wp-content\/uploads\/2025\/04\/2-19-300x200.jpeg 300w, https:\/\/zonalimitrofe-cbnr.com\/wp-content\/uploads\/2025\/04\/2-19-768x512.jpeg 768w, https:\/\/zonalimitrofe-cbnr.com\/wp-content\/uploads\/2025\/04\/2-19.jpeg 1280w\" sizes=\"(max-width: 1024px) 100vw, 1024px\" \/><\/figure>\n","protected":false},"excerpt":{"rendered":"<p>Como muestra del apoyo que est\u00e1 recibiendo el candidato a la Presidencia Municipal de G\u00f3mez Palacio por la Coalici\u00f3n PRI-PAN, Ra\u00fal Meraz, decenas de comerciantes ubicados en la avenida Victoria, en pleno sector centro de la ciudad, manifestaron su adhesi\u00f3n y simpat\u00eda por su proyecto de gobierno. A la par decenas de personas que transitaban [&hellip;]<\/p>\n","protected":false},"author":1,"featured_media":19106,"comment_status":"open","ping_status":"open","sticky":false,"template":"","format":"standard","meta":{"_monsterinsights_skip_tracking":false,"_monsterinsights_sitenote_active":false,"_monsterinsights_sitenote_note":"","_monsterinsights_sitenote_category":0,"footnotes":""},"categories":[1],"tags":[],"_links":{"self":[{"href":"https:\/\/zonalimitrofe-cbnr.com\/index.php\/wp-json\/wp\/v2\/posts\/19105"}],"collection":[{"href":"https:\/\/zonalimitrofe-cbnr.com\/index.php\/wp-json\/wp\/v2\/posts"}],"about":[{"href":"https:\/\/zonalimitrofe-cbnr.com\/index.php\/wp-json\/wp\/v2\/types\/post"}],"author":[{"embeddable":true,"href":"https:\/\/zonalimitrofe-cbnr.com\/index.php\/wp-json\/wp\/v2\/users\/1"}],"replies":[{"embeddable":true,"href":"https:\/\/zonalimitrofe-cbnr.com\/index.php\/wp-json\/wp\/v2\/comments?post=19105"}],"version-history":[{"count":1,"href":"https:\/\/zonalimitrofe-cbnr.com\/index.php\/wp-json\/wp\/v2\/posts\/19105\/revisions"}],"predecessor-version":[{"id":19108,"href":"https:\/\/zonalimitrofe-cbnr.com\/index.php\/wp-json\/wp\/v2\/posts\/19105\/revisions\/19108"}],"wp:featuredmedia":[{"embeddable":true,"href":"https:\/\/zonalimitrofe-cbnr.com\/index.php\/wp-json\/wp\/v2\/media\/19106"}],"wp:attachment":[{"href":"https:\/\/zonalimitrofe-cbnr.com\/index.php\/wp-json\/wp\/v2\/media?parent=19105"}],"wp:term":[{"taxonomy":"category","embeddable":true,"href":"https:\/\/zonalimitrofe-cbnr.com\/index.php\/wp-json\/wp\/v2\/categories?post=19105"},{"taxonomy":"post_tag","embeddable":true,"href":"https:\/\/zonalimitrofe-cbnr.com\/index.php\/wp-json\/wp\/v2\/tags?post=19105"}],"curies":[{"name":"wp","href":"https:\/\/api.w.org\/{rel}","templated":true}]}}