{"id":18975,"date":"2025-04-16T17:46:03","date_gmt":"2025-04-16T23:46:03","guid":{"rendered":"https:\/\/zonalimitrofe-cbnr.com\/?p=18975"},"modified":"2025-04-16T17:46:04","modified_gmt":"2025-04-16T23:46:04","slug":"campanasdurango-locatarios-del-mercado-jose-ramon-valdes-apoyan-totalmente-a-raul-meraz","status":"publish","type":"post","link":"https:\/\/zonalimitrofe-cbnr.com\/index.php\/2025\/04\/16\/campanasdurango-locatarios-del-mercado-jose-ramon-valdes-apoyan-totalmente-a-raul-meraz\/","title":{"rendered":"#Campa\u00f1asDurango. Locatarios del Mercado Jos\u00e9 Ram\u00f3n Vald\u00e9s, apoyan totalmente a Ra\u00fal Meraz"},"content":{"rendered":"\n<p>El Mercado Municipal \u201cJos\u00e9 Ram\u00f3n Vald\u00e9s\u201c deber\u00e1 ser un centro de actividad comercial m\u00e1s importante y digno de G\u00f3mez Palacio, porque son miles de personas quienes siguen visitando el lugar, ya sea para encontrar los productos m\u00e1s frescos, artesanales, comer y ahorrar, con el mejor trato de sus comerciantes, dijo Ra\u00fal Meraz, candidato de la Coalici\u00f3n PRI-PAN a la Presidencia Municipal, quien realiz\u00f3 un extenso recorrido por sus pasillos<\/p>\n\n\n\n<p>Este centro de abasto, el m\u00e1s tradicional y antiguo de G\u00f3mez Palacio, requiere atenci\u00f3n, renovar sus servicios b\u00e1sicos, ofrecer m\u00e1s dignidad a sus clientes y locatarios, dijo Ra\u00fal Meraz al hablar con sus usuarios.<\/p>\n\n\n\n<p>Los comerciantes del mercado Jos\u00e9 Ram\u00f3n Vald\u00e9s manifestaron su apoyo a Ra\u00fal Meraz, porque han puesto su confianza en que se escuche y resuelvan sus demandas m\u00e1s sentidas.<\/p>\n\n\n\n<p>A su paso, el aspirante a la Presidencia Municipal de G\u00f3mez Palacio salud\u00f3 a los clientes y locatarios, quienes le manifestaron sus inquietudes pero tambi\u00e9n su apoyo este 01 de junio, para ver respondidas sus peticiones y mejorar la vida comercial.<\/p>\n\n\n\n<p>Ra\u00fal Meraz agradeci\u00f3 el apoyo de los locatarios y clientes de este mercado, fundado en 1901 y que en la actualidad suma a 185 locatarios, que diariamente se ganan el sustento de sus familias.<\/p>\n\n\n\n<figure class=\"wp-block-image size-large\"><img loading=\"lazy\" decoding=\"async\" width=\"768\" height=\"1024\" src=\"https:\/\/zonalimitrofe-cbnr.com\/wp-content\/uploads\/2025\/04\/3-14-768x1024.jpeg\" alt=\"\" class=\"wp-image-18977\" srcset=\"https:\/\/zonalimitrofe-cbnr.com\/wp-content\/uploads\/2025\/04\/3-14-768x1024.jpeg 768w, https:\/\/zonalimitrofe-cbnr.com\/wp-content\/uploads\/2025\/04\/3-14-225x300.jpeg 225w, https:\/\/zonalimitrofe-cbnr.com\/wp-content\/uploads\/2025\/04\/3-14-1152x1536.jpeg 1152w, https:\/\/zonalimitrofe-cbnr.com\/wp-content\/uploads\/2025\/04\/3-14-1536x2048.jpeg 1536w, https:\/\/zonalimitrofe-cbnr.com\/wp-content\/uploads\/2025\/04\/3-14.jpeg 1560w\" sizes=\"(max-width: 768px) 100vw, 768px\" \/><\/figure>\n","protected":false},"excerpt":{"rendered":"<p>El Mercado Municipal \u201cJos\u00e9 Ram\u00f3n Vald\u00e9s\u201c deber\u00e1 ser un centro de actividad comercial m\u00e1s importante y digno de G\u00f3mez Palacio, porque son miles de personas quienes siguen visitando el lugar, ya sea para encontrar los productos m\u00e1s frescos, artesanales, comer y ahorrar, con el mejor trato de sus comerciantes, dijo Ra\u00fal Meraz, candidato de la [&hellip;]<\/p>\n","protected":false},"author":1,"featured_media":18976,"comment_status":"open","ping_status":"open","sticky":false,"template":"","format":"standard","meta":{"_monsterinsights_skip_tracking":false,"_monsterinsights_sitenote_active":false,"_monsterinsights_sitenote_note":"","_monsterinsights_sitenote_category":0,"footnotes":""},"categories":[1],"tags":[],"_links":{"self":[{"href":"https:\/\/zonalimitrofe-cbnr.com\/index.php\/wp-json\/wp\/v2\/posts\/18975"}],"collection":[{"href":"https:\/\/zonalimitrofe-cbnr.com\/index.php\/wp-json\/wp\/v2\/posts"}],"about":[{"href":"https:\/\/zonalimitrofe-cbnr.com\/index.php\/wp-json\/wp\/v2\/types\/post"}],"author":[{"embeddable":true,"href":"https:\/\/zonalimitrofe-cbnr.com\/index.php\/wp-json\/wp\/v2\/users\/1"}],"replies":[{"embeddable":true,"href":"https:\/\/zonalimitrofe-cbnr.com\/index.php\/wp-json\/wp\/v2\/comments?post=18975"}],"version-history":[{"count":1,"href":"https:\/\/zonalimitrofe-cbnr.com\/index.php\/wp-json\/wp\/v2\/posts\/18975\/revisions"}],"predecessor-version":[{"id":18978,"href":"https:\/\/zonalimitrofe-cbnr.com\/index.php\/wp-json\/wp\/v2\/posts\/18975\/revisions\/18978"}],"wp:featuredmedia":[{"embeddable":true,"href":"https:\/\/zonalimitrofe-cbnr.com\/index.php\/wp-json\/wp\/v2\/media\/18976"}],"wp:attachment":[{"href":"https:\/\/zonalimitrofe-cbnr.com\/index.php\/wp-json\/wp\/v2\/media?parent=18975"}],"wp:term":[{"taxonomy":"category","embeddable":true,"href":"https:\/\/zonalimitrofe-cbnr.com\/index.php\/wp-json\/wp\/v2\/categories?post=18975"},{"taxonomy":"post_tag","embeddable":true,"href":"https:\/\/zonalimitrofe-cbnr.com\/index.php\/wp-json\/wp\/v2\/tags?post=18975"}],"curies":[{"name":"wp","href":"https:\/\/api.w.org\/{rel}","templated":true}]}}