{"id":18969,"date":"2025-04-16T17:38:51","date_gmt":"2025-04-16T23:38:51","guid":{"rendered":"https:\/\/zonalimitrofe-cbnr.com\/?p=18969"},"modified":"2025-04-16T17:38:51","modified_gmt":"2025-04-16T23:38:51","slug":"torreon-alcalde-exhorta-a-la-ciudadania-y-a-los-turistas-a-disfrutar-torreon-con-responsabilidad","status":"publish","type":"post","link":"https:\/\/zonalimitrofe-cbnr.com\/index.php\/2025\/04\/16\/torreon-alcalde-exhorta-a-la-ciudadania-y-a-los-turistas-a-disfrutar-torreon-con-responsabilidad\/","title":{"rendered":"#Torre\u00f3n. Alcalde exhorta a la ciudadan\u00eda y a los turistas a disfrutar Torre\u00f3n con responsabilidad"},"content":{"rendered":"\n<p><strong>Torre\u00f3n, Coahuila. A 16 de abril de 2025.-<\/strong> Durante la d\u00e9cimo cuarta reuni\u00f3n semanal de seguridad, el alcalde Rom\u00e1n Alberto Cepeda Gonz\u00e1lez exhort\u00f3 a la ciudadan\u00eda y quienes deseen visitar Torre\u00f3n durante el periodo vacacional de Semana Santa, a disfrutar con responsabilidad, sobre todo en temas relacionados a la prevenci\u00f3n de accidentes viales. El Alcalde dijo que para mantener las condiciones de seguridad, el Municipio en coordinaci\u00f3n con todas las corporaciones de los tres \u00f3rdenes de Gobierno, est\u00e1n preparados con un operativo de vigilancia que comprende a m\u00e1s de mil elementos para resguardar el orden durante los eventos religiosos y deportivos que habr\u00e1 en la ciudad este fin de semana. Sin embargo, hizo el llamado a la poblaci\u00f3n a que disfrute de los museos, espacios p\u00fablicos y lugares de esparcimiento con responsabilidad, y a no manejar en estado de ebriedad. Dijo que tan solo en el Cristo de las Noas, se espera un aforo para el pr\u00f3ximo viernes de 20 mil personas en la ma\u00f1ana y hasta 70 mil durante todo el d\u00eda, y explic\u00f3 que con antelaci\u00f3n se sostuvieron diferentes reuniones de coordinaci\u00f3n entre autoridades, y manifest\u00f3 su inter\u00e9s en que prevalezca la paz social durante todos los eventos. \u201cBuscamos la seguridad para quienes nos visitan dentro del turismo religioso, y para los que aqu\u00ed vivimos y nos quedamos a disfrutar la ciudad estos d\u00edas, hag\u00e1moslo con responsabilidad\u201d. Referente al \u00edndice semanal de incidencia delictiva, el comisario C\u00e9sar Antonio Perales Esparza inform\u00f3 que del 8 al 14 de abril, disminuy\u00f3 el \u00edndice delictivo en el rubro de robo a local comercial con violencia, con cuatro eventos; y se mantuvo el de robo a veh\u00edculo sin violencia, con tres eventos; y robo a accesorio de veh\u00edculo, con dos eventos. La Polic\u00eda Municipal efectu\u00f3 68 detenciones que fueron remitidas al Ministerio P\u00fablico y 58 al Juez Calificador. El Grupo de Reacci\u00f3n Torre\u00f3n realiz\u00f3 10 detenciones relacionadas con la posesi\u00f3n de narc\u00f3ticos.<\/p>\n\n\n\n<p>Marco Prone Ram\u00edrez, director administrativo del Centro de Justicia Municipal, inform\u00f3 del convenio de colaboraci\u00f3n que firm\u00f3 la titular Martha Rodr\u00edguez Romero<\/p>\n\n\n\n<p>con Medio Ambiente de Torre\u00f3n, para trabajar en programas de limpieza y reforestaci\u00f3n con los detenidos, promoviendo la sustentabilidad y la responsabilidad social.<\/p>\n\n\n\n<p>Mencion\u00f3 que se renov\u00f3 la colaboraci\u00f3n con el grupo AA J\u00f3venes 24 horas \u201cTerapia Intensiva\u201d, reafirmando el compromiso institucional de canalizar a personas detenidas por consumo de alcohol, con el prop\u00f3sito de brindarles apoyo en su proceso de rehabilitaci\u00f3n.<\/p>\n\n\n\n<p>Tambi\u00e9n destac\u00f3 que durante el periodo vacacional, el personal de peritos en tr\u00e1nsito terrestre continuar\u00e1 presente en distintos puntos de la ciudad, a fin de acudir de manera inmediata a los accidentes viales que se registren en la ciudad.<\/p>\n\n\n\n<p>Luis Alberto Morales Cort\u00e9s, director de Vialidad y Movilidad Urbana, mencion\u00f3 sobre las acciones dentro del operativo Perif\u00e9rico, dirigidas a vigilar que veh\u00edculos de carga pesada circulen en los horarios establecidos.<\/p>\n\n\n\n<p>Inform\u00f3 que iniciaron las evaluaciones internas a los primeros Agentes Viales candidatos al porte de arma, a trav\u00e9s de la Unidad de Atenci\u00f3n a la Salud Mental, donde se empelaron pruebas psicom\u00e9tricas que permitir\u00e1n conocer el nivel, tipo y manejo de la ansiedad, inteligencia, concentraci\u00f3n, tolerancia a la frustraci\u00f3n, estabilidad emocional, agresividad y manejo de impulsos.<\/p>\n\n\n\n<p>El director destac\u00f3 tambi\u00e9n la sesi\u00f3n de \u201cReeducaci\u00f3n Vial\u201d que se brind\u00f3 a 18 conductores que participaron de una volcadura, a fin de reducir los riesgos de hechos de tr\u00e1nsito.<\/p>\n\n\n\n<p>Jorge Luis Ju\u00e1rez Llanas, director de Protecci\u00f3n Civil y Bomberos, se\u00f1al\u00f3 que esta semana se atendieron 216 servicios por parte de las diferentes estaciones de la corporaci\u00f3n.<\/p>\n\n\n\n<p>Dijo que adem\u00e1s de la vigilancia por Semana Santa en el Cristo de las Noas, personal de la dependencia estar\u00e1 a partir de ma\u00f1ana con operativo en el Barreal de Guadalupe, reforzando la labor de seguridad para quienes visitan la Reserva Ecol\u00f3gica Sierra y Ca\u00f1\u00f3n de Jimulco.<\/p>\n\n\n\n<p>Dentro del programa de capacitaci\u00f3n de protecci\u00f3n civil, acudieron esta semana a la Facultad de Enfermer\u00eda a la supervisi\u00f3n de simulacro con hip\u00f3tesis de incendio en el edificio.<\/p>\n\n\n\n<p>Jos\u00e9 del Castillo, por parte de la Direcci\u00f3n de Inspecci\u00f3n y Verificaci\u00f3n, inform\u00f3 que los principales reportes que recibi\u00f3 la dependencia mediante el sistema 073, fueron por obstrucci\u00f3n en la v\u00eda p\u00fablica, con ocho; y veh\u00edculos chatarra, con nueve.<\/p>\n","protected":false},"excerpt":{"rendered":"<p>Torre\u00f3n, Coahuila. A 16 de abril de 2025.- Durante la d\u00e9cimo cuarta reuni\u00f3n semanal de seguridad, el alcalde Rom\u00e1n Alberto Cepeda Gonz\u00e1lez exhort\u00f3 a la ciudadan\u00eda y quienes deseen visitar Torre\u00f3n durante el periodo vacacional de Semana Santa, a disfrutar con responsabilidad, sobre todo en temas relacionados a la prevenci\u00f3n de accidentes viales. El Alcalde [&hellip;]<\/p>\n","protected":false},"author":1,"featured_media":18970,"comment_status":"open","ping_status":"open","sticky":false,"template":"","format":"standard","meta":{"_monsterinsights_skip_tracking":false,"_monsterinsights_sitenote_active":false,"_monsterinsights_sitenote_note":"","_monsterinsights_sitenote_category":0,"footnotes":""},"categories":[1],"tags":[],"_links":{"self":[{"href":"https:\/\/zonalimitrofe-cbnr.com\/index.php\/wp-json\/wp\/v2\/posts\/18969"}],"collection":[{"href":"https:\/\/zonalimitrofe-cbnr.com\/index.php\/wp-json\/wp\/v2\/posts"}],"about":[{"href":"https:\/\/zonalimitrofe-cbnr.com\/index.php\/wp-json\/wp\/v2\/types\/post"}],"author":[{"embeddable":true,"href":"https:\/\/zonalimitrofe-cbnr.com\/index.php\/wp-json\/wp\/v2\/users\/1"}],"replies":[{"embeddable":true,"href":"https:\/\/zonalimitrofe-cbnr.com\/index.php\/wp-json\/wp\/v2\/comments?post=18969"}],"version-history":[{"count":1,"href":"https:\/\/zonalimitrofe-cbnr.com\/index.php\/wp-json\/wp\/v2\/posts\/18969\/revisions"}],"predecessor-version":[{"id":18971,"href":"https:\/\/zonalimitrofe-cbnr.com\/index.php\/wp-json\/wp\/v2\/posts\/18969\/revisions\/18971"}],"wp:featuredmedia":[{"embeddable":true,"href":"https:\/\/zonalimitrofe-cbnr.com\/index.php\/wp-json\/wp\/v2\/media\/18970"}],"wp:attachment":[{"href":"https:\/\/zonalimitrofe-cbnr.com\/index.php\/wp-json\/wp\/v2\/media?parent=18969"}],"wp:term":[{"taxonomy":"category","embeddable":true,"href":"https:\/\/zonalimitrofe-cbnr.com\/index.php\/wp-json\/wp\/v2\/categories?post=18969"},{"taxonomy":"post_tag","embeddable":true,"href":"https:\/\/zonalimitrofe-cbnr.com\/index.php\/wp-json\/wp\/v2\/tags?post=18969"}],"curies":[{"name":"wp","href":"https:\/\/api.w.org\/{rel}","templated":true}]}}