{"id":18959,"date":"2025-04-16T17:30:13","date_gmt":"2025-04-16T23:30:13","guid":{"rendered":"https:\/\/zonalimitrofe-cbnr.com\/?p=18959"},"modified":"2025-04-16T17:30:14","modified_gmt":"2025-04-16T23:30:14","slug":"durango-se-plantea-erradicar-el-analfabetismo-con-atencion-individualizada-a-mas-de-30-mil-personas","status":"publish","type":"post","link":"https:\/\/zonalimitrofe-cbnr.com\/index.php\/2025\/04\/16\/durango-se-plantea-erradicar-el-analfabetismo-con-atencion-individualizada-a-mas-de-30-mil-personas\/","title":{"rendered":"#Durango se plantea erradicar el analfabetismo con atenci\u00f3n individualizada a m\u00e1s de 30 mil personas"},"content":{"rendered":"\n<p><br>Con una cobertura estatal y el acompa\u00f1amiento del Instituto Duranguense de Educaci\u00f3n para Adultos (IDEA), el Gobierno de Durango arranc\u00f3 una estrategia integral que busca ense\u00f1ar a leer y escribir a m\u00e1s de 30 mil personas antes de concluir 2025. El enfoque parte del reconocimiento de que el rezago educativo sigue afectando a miles de adultos mayores de 15 a\u00f1os en el estado.<\/p>\n\n\n\n<p>La estrategia \u201cUno a Uno por Durango Alfabetizado\u201d llegar\u00e1 a todos los municipios, con \u00e9nfasis en siete que concentran el 80 % del rezago: Durango, Lerdo, Mezquital, Tamazula, San Dimas, Santiago Papasquiaro y Pueblo Nuevo.<\/p>\n\n\n\n<p>Cada persona recibir\u00e1 asesor\u00eda adaptada a su contexto, con una duraci\u00f3n flexible de entre uno y cuatro meses.<\/p>\n\n\n\n<p>Al finalizar el proceso, los participantes podr\u00e1n acreditar sus conocimientos con una constancia de alfabetizaci\u00f3n oficial.<\/p>\n\n\n\n<p>El modelo educativo contempla materiales impresos, digitales, sesiones presenciales o a distancia, y coordinaci\u00f3n con otras instituciones.<br>Guillermo Arce Valencia, director del IDEA: \u201cEl compromiso del Gobernador es que, al cierre de 2025, Durango levante bandera blanca en alfabetizaci\u00f3n. Esta meta es viable si sociedad y gobierno trabajamos hombro con hombro\u201d.<\/p>\n\n\n\n<p><br>Se establecen convenios con ayuntamientos para instalar m\u00e1s plazas comunitarias y atender zonas de dif\u00edcil acceso con el apoyo de Conafe y telesecundarias. <\/p>\n","protected":false},"excerpt":{"rendered":"<p>Con una cobertura estatal y el acompa\u00f1amiento del Instituto Duranguense de Educaci\u00f3n para Adultos (IDEA), el Gobierno de Durango arranc\u00f3 una estrategia integral que busca ense\u00f1ar a leer y escribir a m\u00e1s de 30 mil personas antes de concluir 2025. El enfoque parte del reconocimiento de que el rezago educativo sigue afectando a miles de [&hellip;]<\/p>\n","protected":false},"author":1,"featured_media":18960,"comment_status":"open","ping_status":"open","sticky":false,"template":"","format":"standard","meta":{"_monsterinsights_skip_tracking":false,"_monsterinsights_sitenote_active":false,"_monsterinsights_sitenote_note":"","_monsterinsights_sitenote_category":0,"footnotes":""},"categories":[1],"tags":[],"_links":{"self":[{"href":"https:\/\/zonalimitrofe-cbnr.com\/index.php\/wp-json\/wp\/v2\/posts\/18959"}],"collection":[{"href":"https:\/\/zonalimitrofe-cbnr.com\/index.php\/wp-json\/wp\/v2\/posts"}],"about":[{"href":"https:\/\/zonalimitrofe-cbnr.com\/index.php\/wp-json\/wp\/v2\/types\/post"}],"author":[{"embeddable":true,"href":"https:\/\/zonalimitrofe-cbnr.com\/index.php\/wp-json\/wp\/v2\/users\/1"}],"replies":[{"embeddable":true,"href":"https:\/\/zonalimitrofe-cbnr.com\/index.php\/wp-json\/wp\/v2\/comments?post=18959"}],"version-history":[{"count":1,"href":"https:\/\/zonalimitrofe-cbnr.com\/index.php\/wp-json\/wp\/v2\/posts\/18959\/revisions"}],"predecessor-version":[{"id":18961,"href":"https:\/\/zonalimitrofe-cbnr.com\/index.php\/wp-json\/wp\/v2\/posts\/18959\/revisions\/18961"}],"wp:featuredmedia":[{"embeddable":true,"href":"https:\/\/zonalimitrofe-cbnr.com\/index.php\/wp-json\/wp\/v2\/media\/18960"}],"wp:attachment":[{"href":"https:\/\/zonalimitrofe-cbnr.com\/index.php\/wp-json\/wp\/v2\/media?parent=18959"}],"wp:term":[{"taxonomy":"category","embeddable":true,"href":"https:\/\/zonalimitrofe-cbnr.com\/index.php\/wp-json\/wp\/v2\/categories?post=18959"},{"taxonomy":"post_tag","embeddable":true,"href":"https:\/\/zonalimitrofe-cbnr.com\/index.php\/wp-json\/wp\/v2\/tags?post=18959"}],"curies":[{"name":"wp","href":"https:\/\/api.w.org\/{rel}","templated":true}]}}