{"id":18953,"date":"2025-04-16T17:23:08","date_gmt":"2025-04-16T23:23:08","guid":{"rendered":"https:\/\/zonalimitrofe-cbnr.com\/?p=18953"},"modified":"2025-04-16T17:23:08","modified_gmt":"2025-04-16T23:23:08","slug":"gp-vigilara-dif-gomez-palacio-que-ningun-menor-sea-involucrado-en-actividades-laborales-o-en-la-solicitud-de-dinero","status":"publish","type":"post","link":"https:\/\/zonalimitrofe-cbnr.com\/index.php\/2025\/04\/16\/gp-vigilara-dif-gomez-palacio-que-ningun-menor-sea-involucrado-en-actividades-laborales-o-en-la-solicitud-de-dinero\/","title":{"rendered":"#GP. Vigilar\u00e1 DIF G\u00f3mez Palacio que ning\u00fan menor sea involucrado en actividades laborales o en la solicitud de dinero*"},"content":{"rendered":"\n<p>Durante el periodo vacacional de Semana Santa, el Sistema para el Desarrollo Integral de la Familia (DIF) del municipio de G\u00f3mez Palacio se mantendr\u00e1 vigilante para garantizar que ning\u00fan menor de edad sea involucrado en actividades laborales o en la solicitud de dinero en la v\u00eda p\u00fablica, recordando que ni\u00f1as, ni\u00f1os y adolescentes tienen derecho a la educaci\u00f3n, el esparcimiento y un entorno libre de explotaci\u00f3n.<\/p>\n\n\n\n<p>Brenda Calder\u00f3n Carrete, directora del DIF, inform\u00f3 que se implementar\u00e1 un operativo de vigilancia a cargo del personal de la Procuradur\u00eda de Protecci\u00f3n de Ni\u00f1as, Ni\u00f1os y Adolescentes (PAMAR), enfoc\u00e1ndose principalmente en cruceros y zonas de alta afluencia del municipio. En caso de detectar a menores solicitando dinero o vendiendo productos en la v\u00eda p\u00fablica, se proceder\u00e1 a levantar un reporte para iniciar una investigaci\u00f3n sobre su situaci\u00f3n familiar, lugar de residencia, identidad de los padres o tutores y estatus educativo.<\/p>\n\n\n\n<p>Una vez recabada esta informaci\u00f3n, se notificar\u00e1 a los padres o tutores para exhortarlos a no exponer a los menores a situaciones de riesgo asociadas al trabajo infantil o a la mendicidad.<\/p>\n\n\n\n<p>Asimismo, si se identifica que el menor no asiste a la escuela, se le canalizar\u00e1 al Programa de Atenci\u00f3n a Menores y Adolescentes en Riesgo (PAMAR), donde podr\u00e1 recibir educaci\u00f3n primaria o secundaria, as\u00ed como seguimiento personalizado para asegurar su desarrollo integral.<\/p>\n\n\n\n<p>Hasta la fecha, en lo que va del a\u00f1o 2025, se ha registrado un caso de un menor laborando en un taller. Cabe destacar que, en circunstancias espec\u00edficas, ni\u00f1as y ni\u00f1os menores de 15 a\u00f1os pueden realizar trabajos diurnos con la autorizaci\u00f3n de sus padres y bajo ciertos lineamientos legales, siempre y cuando no interfiera con su educaci\u00f3n ni los exponga a situaciones peligrosas.<\/p>\n\n\n\n<p>La ciudadan\u00eda puede colaborar en la detecci\u00f3n y prevenci\u00f3n de estos casos realizando denuncias an\u00f3nimas al DIF a trav\u00e9s de los n\u00fameros telef\u00f3nicos 871 714 21 24 y 871 714 21 27, o bien mediante mensaje privado en la p\u00e1gina oficial de Facebook del DIF G\u00f3mez Palacio.<\/p>\n","protected":false},"excerpt":{"rendered":"<p>Durante el periodo vacacional de Semana Santa, el Sistema para el Desarrollo Integral de la Familia (DIF) del municipio de G\u00f3mez Palacio se mantendr\u00e1 vigilante para garantizar que ning\u00fan menor de edad sea involucrado en actividades laborales o en la solicitud de dinero en la v\u00eda p\u00fablica, recordando que ni\u00f1as, ni\u00f1os y adolescentes tienen derecho [&hellip;]<\/p>\n","protected":false},"author":1,"featured_media":18954,"comment_status":"open","ping_status":"open","sticky":false,"template":"","format":"standard","meta":{"_monsterinsights_skip_tracking":false,"_monsterinsights_sitenote_active":false,"_monsterinsights_sitenote_note":"","_monsterinsights_sitenote_category":0,"footnotes":""},"categories":[1],"tags":[],"_links":{"self":[{"href":"https:\/\/zonalimitrofe-cbnr.com\/index.php\/wp-json\/wp\/v2\/posts\/18953"}],"collection":[{"href":"https:\/\/zonalimitrofe-cbnr.com\/index.php\/wp-json\/wp\/v2\/posts"}],"about":[{"href":"https:\/\/zonalimitrofe-cbnr.com\/index.php\/wp-json\/wp\/v2\/types\/post"}],"author":[{"embeddable":true,"href":"https:\/\/zonalimitrofe-cbnr.com\/index.php\/wp-json\/wp\/v2\/users\/1"}],"replies":[{"embeddable":true,"href":"https:\/\/zonalimitrofe-cbnr.com\/index.php\/wp-json\/wp\/v2\/comments?post=18953"}],"version-history":[{"count":1,"href":"https:\/\/zonalimitrofe-cbnr.com\/index.php\/wp-json\/wp\/v2\/posts\/18953\/revisions"}],"predecessor-version":[{"id":18955,"href":"https:\/\/zonalimitrofe-cbnr.com\/index.php\/wp-json\/wp\/v2\/posts\/18953\/revisions\/18955"}],"wp:featuredmedia":[{"embeddable":true,"href":"https:\/\/zonalimitrofe-cbnr.com\/index.php\/wp-json\/wp\/v2\/media\/18954"}],"wp:attachment":[{"href":"https:\/\/zonalimitrofe-cbnr.com\/index.php\/wp-json\/wp\/v2\/media?parent=18953"}],"wp:term":[{"taxonomy":"category","embeddable":true,"href":"https:\/\/zonalimitrofe-cbnr.com\/index.php\/wp-json\/wp\/v2\/categories?post=18953"},{"taxonomy":"post_tag","embeddable":true,"href":"https:\/\/zonalimitrofe-cbnr.com\/index.php\/wp-json\/wp\/v2\/tags?post=18953"}],"curies":[{"name":"wp","href":"https:\/\/api.w.org\/{rel}","templated":true}]}}