{"id":18950,"date":"2025-04-16T17:19:28","date_gmt":"2025-04-16T23:19:28","guid":{"rendered":"https:\/\/zonalimitrofe-cbnr.com\/?p=18950"},"modified":"2025-04-16T17:19:28","modified_gmt":"2025-04-16T23:19:28","slug":"torreon-roman-alberto-cepeda-gonzalez-supervisa-el-equipamiento-de-la-plaza-publica-de-loma-real","status":"publish","type":"post","link":"https:\/\/zonalimitrofe-cbnr.com\/index.php\/2025\/04\/16\/torreon-roman-alberto-cepeda-gonzalez-supervisa-el-equipamiento-de-la-plaza-publica-de-loma-real\/","title":{"rendered":"#Torre\u00f3n. Rom\u00e1n Alberto Cepeda Gonz\u00e1lez supervisa el equipamiento de la plaza p\u00fablica de Loma Real"},"content":{"rendered":"\n<p>Torre\u00f3n, Coahuila. A 16 de abril de 2025<\/p>\n\n\n\n<p>El alcalde Rom\u00e1n Alberto Cepeda Gonz\u00e1lez acudi\u00f3 este mi\u00e9rcoles a la colonia Loma Real a supervisar el equipamiento y la reforestaci\u00f3n de la plaza p\u00fablica en beneficio de diez mil habitantes de este sector, acciones que preceden a un programa emblem\u00e1tico de esta Administraci\u00f3n Municipal, el cual comenzar\u00e1 la pr\u00f3xima semana y consiste en la creaci\u00f3n y rehabilitaci\u00f3n de 100 espacios p\u00fablicos en la ciudad, y tiene entre sus principales pilares la participaci\u00f3n ciudadana.<\/p>\n\n\n\n<p>Cepeda Gonz\u00e1lez explic\u00f3 que el rescate de espacios p\u00fablicos inicia al oriente y el suroriente de la ciudad, debido a que es el \u00e1rea con mayor crecimiento de Torre\u00f3n, adem\u00e1s dijo que en unas semanas m\u00e1s arrancar\u00e1 el Parque Lineal Oriente.<\/p>\n\n\n\n<p>Agreg\u00f3 que estas acciones se empatan con las estrategias de seguridad desde el \u00e1mbito de la prevenci\u00f3n, con el fomento al deporte y la sana convivencia de las familias.<\/p>\n\n\n\n<p>\u201cSeguimos trabajando por tener un Torre\u00f3n seguro donde nuestros ni\u00f1os puedan ir a estudiar, donde los maestros puedan ir a dar clases, o los padres de familia puedan ir a dejar y a recoger a sus hijos con toda tranquilidad, por eso esta supervisi\u00f3n que antecede a un gran programa emblem\u00e1tico de esta Administraci\u00f3n, tiene que ver con el hacer comunidad y convivir en familia\u201d, dijo.<\/p>\n\n\n\n<p>El Presidente Municipal explic\u00f3 que el equipamiento de la plaza que supervis\u00f3 responde a un compromiso de campa\u00f1a que hoy se consolida con el trabajo conjunto de los directores y los vecinos.<\/p>\n\n\n\n<p>Indic\u00f3 que la labor en la plaza de Loma Real consiste en la instalaci\u00f3n de luminarias, juegos, bancas, ejercitadores, as\u00ed como acciones de limpieza y reforestaci\u00f3n, que se replicar\u00e1n a otras colonias del sector oriente.<\/p>\n\n\n\n<p>\u201cTenemos muchas plazas que arreglar, queremos que los torreonenses cuenten con espacios dignos donde se privilegie la convivencia, donde ni\u00f1os y j\u00f3venes puedan practicar deporte cerca de donde viven que es muy importante para que se alejen de las drogas y la delincuencia. Dignificar a Torre\u00f3n es tarea de todos, vamos a tomar los espacios p\u00fablicos y entre todos a cuidar de ellos\u201d.<\/p>\n\n\n\n<p>Por su parte, el director de Servicios P\u00fablicos, Fernando Villarreal Cu\u00e9llar, dijo que el rescate de la plaza es de cero a 100, y explic\u00f3 que era un lugar donde solo hab\u00eda tierra y hoy se equipa con bancas, ejercitadores y juegos para los ni\u00f1os.<\/p>\n\n\n\n<p>Asimismo, destac\u00f3 que el programa de rescate de espacios p\u00fablicos se hace en conjunto con los vecinos.<\/p>\n\n\n\n<p>\u201cComo lo ha pedido el Alcalde, estamos trabajando coordinados con los vecinos, en conjunto armamos la plaza, la equipamos y ustedes la cuidan, cada familia adopta un \u00e1rbol y entre todos la conservamos\u201d.<\/p>\n\n\n\n<p>Resalt\u00f3 tambi\u00e9n que estos espacios est\u00e1n iluminados para que hasta la noche, los vecinos puedan salir a disfrutar la plaza con seguridad y aprovechar que los ni\u00f1os est\u00e1n de vacaciones.<\/p>\n\n\n\n<p>En la plaza se plantaron especies como L\u00e1grima de San Pedro, huizaches y mezquites, y ser\u00e1n regadas con agua tratada, mientras que las familias de este sector ser\u00e1n las responsables de cuidar a los \u00e1rboles para garantizar su crecimiento.<\/p>\n\n\n\n<p>En la supervisi\u00f3n, participaron tambi\u00e9n las direcciones de Medio Ambiente, Obras P\u00fablicas y la Jefatura de Gabinete.<\/p>\n","protected":false},"excerpt":{"rendered":"<p>Torre\u00f3n, Coahuila. A 16 de abril de 2025 El alcalde Rom\u00e1n Alberto Cepeda Gonz\u00e1lez acudi\u00f3 este mi\u00e9rcoles a la colonia Loma Real a supervisar el equipamiento y la reforestaci\u00f3n de la plaza p\u00fablica en beneficio de diez mil habitantes de este sector, acciones que preceden a un programa emblem\u00e1tico de esta Administraci\u00f3n Municipal, el cual [&hellip;]<\/p>\n","protected":false},"author":1,"featured_media":18951,"comment_status":"open","ping_status":"open","sticky":false,"template":"","format":"standard","meta":{"_monsterinsights_skip_tracking":false,"_monsterinsights_sitenote_active":false,"_monsterinsights_sitenote_note":"","_monsterinsights_sitenote_category":0,"footnotes":""},"categories":[1],"tags":[],"_links":{"self":[{"href":"https:\/\/zonalimitrofe-cbnr.com\/index.php\/wp-json\/wp\/v2\/posts\/18950"}],"collection":[{"href":"https:\/\/zonalimitrofe-cbnr.com\/index.php\/wp-json\/wp\/v2\/posts"}],"about":[{"href":"https:\/\/zonalimitrofe-cbnr.com\/index.php\/wp-json\/wp\/v2\/types\/post"}],"author":[{"embeddable":true,"href":"https:\/\/zonalimitrofe-cbnr.com\/index.php\/wp-json\/wp\/v2\/users\/1"}],"replies":[{"embeddable":true,"href":"https:\/\/zonalimitrofe-cbnr.com\/index.php\/wp-json\/wp\/v2\/comments?post=18950"}],"version-history":[{"count":1,"href":"https:\/\/zonalimitrofe-cbnr.com\/index.php\/wp-json\/wp\/v2\/posts\/18950\/revisions"}],"predecessor-version":[{"id":18952,"href":"https:\/\/zonalimitrofe-cbnr.com\/index.php\/wp-json\/wp\/v2\/posts\/18950\/revisions\/18952"}],"wp:featuredmedia":[{"embeddable":true,"href":"https:\/\/zonalimitrofe-cbnr.com\/index.php\/wp-json\/wp\/v2\/media\/18951"}],"wp:attachment":[{"href":"https:\/\/zonalimitrofe-cbnr.com\/index.php\/wp-json\/wp\/v2\/media?parent=18950"}],"wp:term":[{"taxonomy":"category","embeddable":true,"href":"https:\/\/zonalimitrofe-cbnr.com\/index.php\/wp-json\/wp\/v2\/categories?post=18950"},{"taxonomy":"post_tag","embeddable":true,"href":"https:\/\/zonalimitrofe-cbnr.com\/index.php\/wp-json\/wp\/v2\/tags?post=18950"}],"curies":[{"name":"wp","href":"https:\/\/api.w.org\/{rel}","templated":true}]}}