{"id":18913,"date":"2025-04-15T14:42:58","date_gmt":"2025-04-15T20:42:58","guid":{"rendered":"https:\/\/zonalimitrofe-cbnr.com\/?p=18913"},"modified":"2025-04-15T14:42:59","modified_gmt":"2025-04-15T20:42:59","slug":"torreon-refuerzan-acciones-por-un-torreon-mas-verde","status":"publish","type":"post","link":"https:\/\/zonalimitrofe-cbnr.com\/index.php\/2025\/04\/15\/torreon-refuerzan-acciones-por-un-torreon-mas-verde\/","title":{"rendered":"#Torre\u00f3n. Refuerzan acciones por un \u201cTorre\u00f3n M\u00e1s Verde\u201d"},"content":{"rendered":"\n<p><strong>Torre\u00f3n, Coahuila. A 15 de abril de 2025.-<\/strong> Con el objetivo transformar a la ciudad en un referente de sostenibilidad y conservaci\u00f3n ecol\u00f3gica, la Administraci\u00f3n Municipal impulsa el programa \u201cTorre\u00f3n M\u00e1s Verde\u201d, que en su arranque abord\u00f3 desaf\u00edos ambientales como la contaminaci\u00f3n del aire y el cambio clim\u00e1tico, promoviendo la participaci\u00f3n activa de la ciudadan\u00eda. Marcelo S\u00e1nchez Adame, director general de Medio Ambiente, dijo que siguiendo las instrucciones del alcalde Rom\u00e1n Alberto Cepeda, la dependencia a su cargo en conjunto con la Direcci\u00f3n General de Servicios P\u00fablicos, la Direcci\u00f3n de la Juventud, y el IMPLAN, y acompa\u00f1ados por diversas asociaciones y escuelas arrancaron el programa \u201cTorre\u00f3n M\u00e1s Verde\u201d en la Plaza del Kiosko, ubicada en la colonia Residencial del Nazas. Dijo que la jornada consisti\u00f3 en una actividad de reforestaci\u00f3n en la que los ciudadanos plantaron 100 \u00e1rboles contribuyendo al mejoramiento del entorno urbano y a la restauraci\u00f3n de los espacios p\u00fablicos de la ciudad. Adem\u00e1s, el programa destaca la importancia de sensibilizar a la poblaci\u00f3n sobre la conservaci\u00f3n del medio ambiente y fomentar la participaci\u00f3n ciudadana para construir una ciudad m\u00e1s sostenible. \u201cCon el apoyo de la ciudadan\u00eda de Torre\u00f3n, logramos no solo reforestar zonas clave, sino tambi\u00e9n generar una mayor conciencia sobre la importancia del cuidado del medio ambiente. La participaci\u00f3n activa de todos es fundamental para construir una ciudad m\u00e1s verde y sostenible\u201d, destac\u00f3 el funcionario. El evento cont\u00f3 con la colaboraci\u00f3n del Instituto Coahuilense de la Juventud, Grupo B\u00fafalos A.C., la Asociaci\u00f3n C\u00edvica de la Laguna, Universidad Aut\u00f3noma Agraria Antonio Narro, Facultad De Ciencias Biol\u00f3gicas UJED, Ibero Torre\u00f3n, Tecnol\u00f3gico de Monterrey, BorgWarner, UMAA90 del IMSS, Met-M\u00e9x Pe\u00f1oles, Universidad Aut\u00f3noma de Coahuila (UAdeC), Universidad Aut\u00f3noma de la Laguna (UAL), Colegio Vizcaya y el Telebachillerato 1 de mayo.<\/p>\n","protected":false},"excerpt":{"rendered":"<p>Torre\u00f3n, Coahuila. A 15 de abril de 2025.- Con el objetivo transformar a la ciudad en un referente de sostenibilidad y conservaci\u00f3n ecol\u00f3gica, la Administraci\u00f3n Municipal impulsa el programa \u201cTorre\u00f3n M\u00e1s Verde\u201d, que en su arranque abord\u00f3 desaf\u00edos ambientales como la contaminaci\u00f3n del aire y el cambio clim\u00e1tico, promoviendo la participaci\u00f3n activa de la ciudadan\u00eda. [&hellip;]<\/p>\n","protected":false},"author":1,"featured_media":18914,"comment_status":"open","ping_status":"open","sticky":false,"template":"","format":"standard","meta":{"_monsterinsights_skip_tracking":false,"_monsterinsights_sitenote_active":false,"_monsterinsights_sitenote_note":"","_monsterinsights_sitenote_category":0,"footnotes":""},"categories":[1],"tags":[],"_links":{"self":[{"href":"https:\/\/zonalimitrofe-cbnr.com\/index.php\/wp-json\/wp\/v2\/posts\/18913"}],"collection":[{"href":"https:\/\/zonalimitrofe-cbnr.com\/index.php\/wp-json\/wp\/v2\/posts"}],"about":[{"href":"https:\/\/zonalimitrofe-cbnr.com\/index.php\/wp-json\/wp\/v2\/types\/post"}],"author":[{"embeddable":true,"href":"https:\/\/zonalimitrofe-cbnr.com\/index.php\/wp-json\/wp\/v2\/users\/1"}],"replies":[{"embeddable":true,"href":"https:\/\/zonalimitrofe-cbnr.com\/index.php\/wp-json\/wp\/v2\/comments?post=18913"}],"version-history":[{"count":1,"href":"https:\/\/zonalimitrofe-cbnr.com\/index.php\/wp-json\/wp\/v2\/posts\/18913\/revisions"}],"predecessor-version":[{"id":18915,"href":"https:\/\/zonalimitrofe-cbnr.com\/index.php\/wp-json\/wp\/v2\/posts\/18913\/revisions\/18915"}],"wp:featuredmedia":[{"embeddable":true,"href":"https:\/\/zonalimitrofe-cbnr.com\/index.php\/wp-json\/wp\/v2\/media\/18914"}],"wp:attachment":[{"href":"https:\/\/zonalimitrofe-cbnr.com\/index.php\/wp-json\/wp\/v2\/media?parent=18913"}],"wp:term":[{"taxonomy":"category","embeddable":true,"href":"https:\/\/zonalimitrofe-cbnr.com\/index.php\/wp-json\/wp\/v2\/categories?post=18913"},{"taxonomy":"post_tag","embeddable":true,"href":"https:\/\/zonalimitrofe-cbnr.com\/index.php\/wp-json\/wp\/v2\/tags?post=18913"}],"curies":[{"name":"wp","href":"https:\/\/api.w.org\/{rel}","templated":true}]}}